{"id":85239,"date":"2025-09-30T19:34:49","date_gmt":"2025-10-01T01:34:49","guid":{"rendered":"https:\/\/zonaroja.com.mx\/?p=85239"},"modified":"2025-09-30T19:34:50","modified_gmt":"2025-10-01T01:34:50","slug":"confirman-acusaciones-de-acoso-y-abuso-cometidos-por-el-consul-oaxaqueno","status":"publish","type":"post","link":"https:\/\/zonaroja.com.mx\/?p=85239","title":{"rendered":"Confirman acusaciones de acoso y abuso cometidos por el c\u00f3nsul oaxaque\u00f1o"},"content":{"rendered":"\n<p>Redacci\u00f3n\/Zona Roja.<\/p>\n\n\n\n<p>Lisbeth Mej\u00eda Reyes\/Zona Roja.<\/p>\n\n\n\n<p>Oaxaca, Oax., a 30 de septiembre de 2025.- El c\u00f3nsul P\u00e1vel Mel\u00e9ndez, originario de Oaxaca, s\u00ed ha cometido acoso y abuso en contra de empleados y ex empleados del Consulado de M\u00e9xico en Denver, Colorado.<\/p>\n\n\n\n<p>Ello lo dio a conocer la periodista Dolia Est\u00e9vez, quien a su vez tuvo acceso a la resoluci\u00f3n del Comit\u00e9 de \u00c9tica de la Secretar\u00eda de Relaciones Exteriores (SRE) del gobierno de M\u00e9xico.<\/p>\n\n\n\n<p>La periodista, quien desde hace varios meses ha seguido el caso, confirm\u00f3 que el funcionario del partido Morena incurri\u00f3 en \u00ab10 graves violaciones\u00bb al C\u00f3digo de \u00c9tica de la Administraci\u00f3n P\u00fablica Federal y del C\u00f3digo de Conducta Institucional.&nbsp;<\/p>\n\n\n\n<p>Sin embargo, dijo que hasta ahora el jefe de la Unidad para Am\u00e9rica del Norte de la SRE, Roberto Velasco, no le ha respondido si el c\u00f3nsul nombrado hace dos a\u00f1os y medio por el ex presidente Andr\u00e9s Manuel L\u00f3pez Obrador ser\u00e1 despedido.<\/p>\n\n\n\n<p>En su columna Cuarto Poder, del medio Eje Central, Est\u00e9vez detall\u00f3 que entre las violaciones en que incurri\u00f3 Mel\u00e9ndez como representante de M\u00e9xico en Estados Unidos est\u00e1n la de \u00abinsinuar situaciones sentimentales entre las personas que colaboran al interior del consulado\u00bb, cambiar constantemente las actividades del personal como castigo y vigilarlo a trav\u00e9s del personal de seguridad, tambi\u00e9n el retener y dificultar el pago de gratificaciones y honorarios, realizar comentarios violentos y discriminatorios basados en estereotipos de g\u00e9nero, amenazar e intimidar al personal sobre la no renovaci\u00f3n de contratos, entre otras conductas.<\/p>\n\n\n\n<p>Por estas violaciones, confirmadas hace dos semanas por el comit\u00e9, Dolia Est\u00e9vez refiere que el \u00f3rgano de la SRE \u00fanicamente recomend\u00f3 a Mel\u00e9ndez actuar con apego a los principios \u00e9ticos y a Velasco el \u00abdar seguimiento a las constantes problem\u00e1ticas\u00bb en el consulado.<\/p>\n\n\n\n<p>La periodista record\u00f3 que las denuncias en contra del funcionario de la 4T fue denunciado desde 2024 ante el comit\u00e9 por acoso laboral, hostigamiento, acoso sexual, violencia de g\u00e9nero, discriminaci\u00f3n, conductas de nepotismo, conflictos de inter\u00e9s, entre otros se\u00f1alamientos. Asimismo, que por estas conductas se han ido 25 empleados locales (prestadores de servicios profesionales independientes), as\u00ed como siete miembros del Servicio Exterior Mexicano.<\/p>\n\n\n\n<p>El ex diputado local de Oaxaca por el partido Morena se desempe\u00f1a desde noviembre de 2022 como c\u00f3nsul de M\u00e9xico en Denver, Colorado, Estados Unidos. Es decir, desde el gobierno del ex presidente Andr\u00e9s Manuel L\u00f3pez Obrador y ha permanecido bajo el mandato de la presidenta Claudia Sheinbaum, ambos emanados de Morena.<\/p>\n","protected":false},"excerpt":{"rendered":"<p>Redacci\u00f3n\/Zona Roja. Lisbeth Mej\u00eda Reyes\/Zona Roja. Oaxaca, Oax., a 30 de septiembre de 2025.- El&hellip;<\/p>\n","protected":false},"author":2,"featured_media":85240,"comment_status":"closed","ping_status":"open","sticky":false,"template":"","format":"standard","meta":{"_lmt_disableupdate":"","_lmt_disable":"","_jetpack_memberships_contains_paid_content":false,"footnotes":""},"categories":[109,47],"tags":[4333],"class_list":["post-85239","post","type-post","status-publish","format-standard","has-post-thumbnail","hentry","category-minuto-a-minuto","category-zona-gris","tag-pavel-melendez-cruz"],"jetpack_featured_media_url":"https:\/\/zonaroja.com.mx\/wp-content\/uploads\/2025\/09\/Pavel-Melendez-consul-abuso-.jpg","jetpack_sharing_enabled":true,"_links":{"self":[{"href":"https:\/\/zonaroja.com.mx\/index.php?rest_route=\/wp\/v2\/posts\/85239","targetHints":{"allow":["GET"]}}],"collection":[{"href":"https:\/\/zonaroja.com.mx\/index.php?rest_route=\/wp\/v2\/posts"}],"about":[{"href":"https:\/\/zonaroja.com.mx\/index.php?rest_route=\/wp\/v2\/types\/post"}],"author":[{"embeddable":true,"href":"https:\/\/zonaroja.com.mx\/index.php?rest_route=\/wp\/v2\/users\/2"}],"replies":[{"embeddable":true,"href":"https:\/\/zonaroja.com.mx\/index.php?rest_route=%2Fwp%2Fv2%2Fcomments&post=85239"}],"version-history":[{"count":1,"href":"https:\/\/zonaroja.com.mx\/index.php?rest_route=\/wp\/v2\/posts\/85239\/revisions"}],"predecessor-version":[{"id":85241,"href":"https:\/\/zonaroja.com.mx\/index.php?rest_route=\/wp\/v2\/posts\/85239\/revisions\/85241"}],"wp:featuredmedia":[{"embeddable":true,"href":"https:\/\/zonaroja.com.mx\/index.php?rest_route=\/wp\/v2\/media\/85240"}],"wp:attachment":[{"href":"https:\/\/zonaroja.com.mx\/index.php?rest_route=%2Fwp%2Fv2%2Fmedia&parent=85239"}],"wp:term":[{"taxonomy":"category","embeddable":true,"href":"https:\/\/zonaroja.com.mx\/index.php?rest_route=%2Fwp%2Fv2%2Fcategories&post=85239"},{"taxonomy":"post_tag","embeddable":true,"href":"https:\/\/zonaroja.com.mx\/index.php?rest_route=%2Fwp%2Fv2%2Ftags&post=85239"}],"curies":[{"name":"wp","href":"https:\/\/api.w.org\/{rel}","templated":true}]}}