{"id":85246,"date":"2025-09-30T21:22:29","date_gmt":"2025-10-01T03:22:29","guid":{"rendered":"https:\/\/zonaroja.com.mx\/?p=85246"},"modified":"2025-09-30T21:22:31","modified_gmt":"2025-10-01T03:22:31","slug":"emplaza-onu-al-estado-a-agilizar-busqueda-de-erick-jair-desaparecido-en-oaxaca","status":"publish","type":"post","link":"https:\/\/zonaroja.com.mx\/?p=85246","title":{"rendered":"Emplaza ONU al Estado a agilizar b\u00fasqueda de \u00c9rick Jair, desaparecido en Oaxaca\u00a0"},"content":{"rendered":"\n<p>Lisbeth Mej\u00eda Reyes\/Zona Roja.<\/p>\n\n\n\n<p>Oaxaca, Oax., a 30 de septiembre de 2025.- El Comit\u00e9 de Desaparici\u00f3n Forzada de la Organizaci\u00f3n de las Naciones Unidas (ONU) emplaz\u00f3 al Estado Mexicano a agilizar la b\u00fasqueda de \u00c9rick Jair P\u00e9rez Lim\u00f3n, desaparecido desde el 23 de junio en San Agust\u00edn de las Juntas, Oaxaca, informaron este martes la familia del joven y el activista Joaqu\u00edn Galv\u00e1n.<\/p>\n\n\n\n<p>Este emplazamiento se dio a trav\u00e9s de la acci\u00f3n urgente 2134\/2025, tras la solicitud de la familia para atraer el caso, luego de que a tres meses de su desaparici\u00f3n a\u00fan no hay indicios de su paradero, explic\u00f3 Galv\u00e1n.<\/p>\n\n\n\n<p>La resoluci\u00f3n del comit\u00e9 abarca 10 recomendaciones o llamados a las autoridades mexicanas, las cuales tendr\u00e1n que rendir un informe a m\u00e1s tardar el 10 de octubre a la familia y representantes de \u00c9rick.<\/p>\n\n\n\n<p>Entre las recomendaciones de la acci\u00f3n urgente, que abarcan a la Fiscal\u00eda General del Estado de Oaxaca, est\u00e1 el llamado para que se emprendan \u00abtodos los mecanismos de investigaci\u00f3n necesarios para dar con el paradero del joven investigando a profundidad las l\u00edneas telef\u00f3nicas, v\u00eddeos de videovigilancia, recolectando testimoniales, analizando toda evidencia necesaria\u00bb.<\/p>\n\n\n\n<p>Tambi\u00e9n para que se considere como un posible m\u00f3vil de su desaparici\u00f3n la denuncia que \u00c9rick interpuso el 16 de abril en contra de autoridades municipales San Agust\u00edn de las Juntas por lesiones y amenazas.&nbsp;<\/p>\n\n\n\n<p>Otra m\u00e1s es para garantizar la seguridad de Juli\u00e1n P\u00e9rez L\u00f3pez e Ivonne Lim\u00f3n, familiares del joven, y al defensor acompa\u00f1ante Joaqu\u00edn Galv\u00e1n por los posibles riesgos potenciales derivados de la denuncia y visibilizaci\u00f3n del caso.<\/p>\n\n\n\n<p>\u00c9rick Jair P\u00e9rez Lim\u00f3n es un joven de 21 a\u00f1os de edad que desapareci\u00f3 la noche del pasado 23 de junio en San Agust\u00edn de las Juntas cuando sali\u00f3 de su domicilio para reunirse con \u00e9l padre de su novia, Gaspar N., quien lo hab\u00eda llamado para dialogar en su domicilio.&nbsp;<\/p>\n\n\n\n<p>La familia ha se\u00f1alado a este \u00faltimo como presunto responsable de la desaparici\u00f3n, debido a que previamente hab\u00eda amenazado a \u00c9rick y se hab\u00eda opuesto a la relaci\u00f3n con su hija. Adem\u00e1s porque se ha relacionado al presunto responsable con diversos il\u00edcitos.<\/p>\n\n\n\n<p>Sin embargo, tambi\u00e9n ha considerado la posible participaci\u00f3n de autoridades y particulares de San Agust\u00edn de las Juntas debido a las agresiones y denuncia interpuesta en abril.&nbsp;<\/p>\n\n\n\n<p>Tambi\u00e9n porque a trav\u00e9s de los videos obtenidos por el padre de Erick se observa que este fue interceptado la noche de su desaparici\u00f3n por sujetos a bordo de dos veh\u00edculos, quienes lo bajan del taxi en que iba para subirlo a otra unidad.<\/p>\n","protected":false},"excerpt":{"rendered":"<p>Lisbeth Mej\u00eda Reyes\/Zona Roja. Oaxaca, Oax., a 30 de septiembre de 2025.- El Comit\u00e9 de&hellip;<\/p>\n","protected":false},"author":2,"featured_media":85247,"comment_status":"closed","ping_status":"open","sticky":false,"template":"","format":"standard","meta":{"_lmt_disableupdate":"","_lmt_disable":"","_jetpack_memberships_contains_paid_content":false,"footnotes":""},"categories":[109,47],"tags":[4465,743],"class_list":["post-85246","post","type-post","status-publish","format-standard","has-post-thumbnail","hentry","category-minuto-a-minuto","category-zona-gris","tag-erick-jair-perez-limon","tag-san-agustin-de-las-juntas"],"jetpack_featured_media_url":"https:\/\/zonaroja.com.mx\/wp-content\/uploads\/2025\/09\/Erick-Jair-desaparecido-San-Agustin-de-las-Juntas.jpg","jetpack_sharing_enabled":true,"_links":{"self":[{"href":"https:\/\/zonaroja.com.mx\/index.php?rest_route=\/wp\/v2\/posts\/85246","targetHints":{"allow":["GET"]}}],"collection":[{"href":"https:\/\/zonaroja.com.mx\/index.php?rest_route=\/wp\/v2\/posts"}],"about":[{"href":"https:\/\/zonaroja.com.mx\/index.php?rest_route=\/wp\/v2\/types\/post"}],"author":[{"embeddable":true,"href":"https:\/\/zonaroja.com.mx\/index.php?rest_route=\/wp\/v2\/users\/2"}],"replies":[{"embeddable":true,"href":"https:\/\/zonaroja.com.mx\/index.php?rest_route=%2Fwp%2Fv2%2Fcomments&post=85246"}],"version-history":[{"count":1,"href":"https:\/\/zonaroja.com.mx\/index.php?rest_route=\/wp\/v2\/posts\/85246\/revisions"}],"predecessor-version":[{"id":85248,"href":"https:\/\/zonaroja.com.mx\/index.php?rest_route=\/wp\/v2\/posts\/85246\/revisions\/85248"}],"wp:featuredmedia":[{"embeddable":true,"href":"https:\/\/zonaroja.com.mx\/index.php?rest_route=\/wp\/v2\/media\/85247"}],"wp:attachment":[{"href":"https:\/\/zonaroja.com.mx\/index.php?rest_route=%2Fwp%2Fv2%2Fmedia&parent=85246"}],"wp:term":[{"taxonomy":"category","embeddable":true,"href":"https:\/\/zonaroja.com.mx\/index.php?rest_route=%2Fwp%2Fv2%2Fcategories&post=85246"},{"taxonomy":"post_tag","embeddable":true,"href":"https:\/\/zonaroja.com.mx\/index.php?rest_route=%2Fwp%2Fv2%2Ftags&post=85246"}],"curies":[{"name":"wp","href":"https:\/\/api.w.org\/{rel}","templated":true}]}}