{"id":85249,"date":"2025-09-30T21:58:46","date_gmt":"2025-10-01T03:58:46","guid":{"rendered":"https:\/\/zonaroja.com.mx\/?p=85249"},"modified":"2025-09-30T21:58:48","modified_gmt":"2025-10-01T03:58:48","slug":"ejecutan-a-comerciante-en-centro-de-juchitan-tambien-a-otro-individuo-en-jamiltepec","status":"publish","type":"post","link":"https:\/\/zonaroja.com.mx\/?p=85249","title":{"rendered":"Ejecutan a comerciante en centro de Juchit\u00e1n; tambi\u00e9n a otro individuo en Jamiltepec"},"content":{"rendered":"\n<p>Raymundo Morales\/Zona Roja.<\/p>\n\n\n\n<p>Oaxaca, Oax., a 30 de septiembre de 2025.- Dos personas fueron asesinadas a balazos en las \u00faltimas horas, en las regiones Istmo de Tehuantepec y Costa de Oaxaca.<\/p>\n\n\n\n<p>Esta noche, en la avenida Ju\u00e1rez, centro de dicha ciudad istme\u00f1a, un comerciante fue atacado a balazos, cuando se dispon\u00eda a retirarse a su hogar.<\/p>\n\n\n\n<p>Sujetos armados arribaron y lo acribillaron de manera directa; param\u00e9dicos le brindaron los primeros auxilios pero corroboraron que ya no contaba con signos vitales.<\/p>\n\n\n\n<p>De manera preliminar, la v\u00edctima fue identificada como Javier E. V., y en la zona, cercana al palacio municipal, no hab\u00eda ning\u00fan polic\u00eda para perseguir a los delincuentes.<\/p>\n\n\n\n<p>Mientras tanto, ayer en Santiago Jamiltepec, un individuo fue asesinado a balazos en la calle Ni\u00f1os H\u00e9roes esquina con Porvenir de la colonia Patria Nueva.<\/p>\n\n\n\n<p>La v\u00edctima a\u00fan no ha sido identificada y en el sitio se localizaron al menos 10 casquillos percutidos; el hombre portaba una capucha por lo que se presume que se trata de un sicario, al parecer ajeno a la comunidad.<\/p>\n\n\n\n<p>Ambos casos ya son investigados por las respectivas vicefiscal\u00edas, dependientes de la Fiscal\u00eda General del Estado de Oaxaca.<\/p>\n","protected":false},"excerpt":{"rendered":"<p>Raymundo Morales\/Zona Roja. Oaxaca, Oax., a 30 de septiembre de 2025.- Dos personas fueron asesinadas&hellip;<\/p>\n","protected":false},"author":2,"featured_media":85250,"comment_status":"closed","ping_status":"open","sticky":false,"template":"","format":"standard","meta":{"_lmt_disableupdate":"","_lmt_disable":"","_jetpack_memberships_contains_paid_content":false,"footnotes":""},"categories":[109,51],"tags":[297,797],"class_list":["post-85249","post","type-post","status-publish","format-standard","has-post-thumbnail","hentry","category-minuto-a-minuto","category-zona-roja","tag-ejecutado-juchitan","tag-santiago-jamiltepec"],"jetpack_featured_media_url":"https:\/\/zonaroja.com.mx\/wp-content\/uploads\/2025\/09\/Comerciante-ejecutado-centro-de-Juchitan.jpg","jetpack_sharing_enabled":true,"_links":{"self":[{"href":"https:\/\/zonaroja.com.mx\/index.php?rest_route=\/wp\/v2\/posts\/85249","targetHints":{"allow":["GET"]}}],"collection":[{"href":"https:\/\/zonaroja.com.mx\/index.php?rest_route=\/wp\/v2\/posts"}],"about":[{"href":"https:\/\/zonaroja.com.mx\/index.php?rest_route=\/wp\/v2\/types\/post"}],"author":[{"embeddable":true,"href":"https:\/\/zonaroja.com.mx\/index.php?rest_route=\/wp\/v2\/users\/2"}],"replies":[{"embeddable":true,"href":"https:\/\/zonaroja.com.mx\/index.php?rest_route=%2Fwp%2Fv2%2Fcomments&post=85249"}],"version-history":[{"count":1,"href":"https:\/\/zonaroja.com.mx\/index.php?rest_route=\/wp\/v2\/posts\/85249\/revisions"}],"predecessor-version":[{"id":85251,"href":"https:\/\/zonaroja.com.mx\/index.php?rest_route=\/wp\/v2\/posts\/85249\/revisions\/85251"}],"wp:featuredmedia":[{"embeddable":true,"href":"https:\/\/zonaroja.com.mx\/index.php?rest_route=\/wp\/v2\/media\/85250"}],"wp:attachment":[{"href":"https:\/\/zonaroja.com.mx\/index.php?rest_route=%2Fwp%2Fv2%2Fmedia&parent=85249"}],"wp:term":[{"taxonomy":"category","embeddable":true,"href":"https:\/\/zonaroja.com.mx\/index.php?rest_route=%2Fwp%2Fv2%2Fcategories&post=85249"},{"taxonomy":"post_tag","embeddable":true,"href":"https:\/\/zonaroja.com.mx\/index.php?rest_route=%2Fwp%2Fv2%2Ftags&post=85249"}],"curies":[{"name":"wp","href":"https:\/\/api.w.org\/{rel}","templated":true}]}}