{"id":85255,"date":"2025-09-30T22:30:11","date_gmt":"2025-10-01T04:30:11","guid":{"rendered":"https:\/\/zonaroja.com.mx\/?p=85255"},"modified":"2025-09-30T22:30:14","modified_gmt":"2025-10-01T04:30:14","slug":"bloqueos-y-protestas-desquician-otra-vez-oaxaca","status":"publish","type":"post","link":"https:\/\/zonaroja.com.mx\/?p=85255","title":{"rendered":"Bloqueos y protestas desquician otra vez Oaxaca"},"content":{"rendered":"\n<p>Raymundo Morales\/Zona Roja.<\/p>\n\n\n\n<p>Oaxaca, Oax., a 30 de septiembre de 2025.- Por segundo d\u00eda consecutivo, el estado de Oaxaca registr\u00f3 diversos bloqueos, en su mayor\u00eda por parte de integrantes del magisterio estatal.<\/p>\n\n\n\n<p>A temprana hora y luego de pernoctar en el corredor exterior del Palacio de Gobierno, supervisores y jefes de sector de la Secci\u00f3n 22 del SNTE bloquearon por varias horas el crucero de la calzada H\u00e9roes de Chapultepec con Porfirio D\u00edaz y avenida Ju\u00e1rez.<\/p>\n\n\n\n<p>Ello en exigencia de que se paguen diversos adeudos, as\u00ed como se aprueben designaciones en ese sector, por parte del Instituto Estatal de Educaci\u00f3n P\u00fablica de Oaxaca.&nbsp;<\/p>\n\n\n\n<p>Luego de dos d\u00edas de manifestaciones, el gobierno de Oaxaca respondi\u00f3, a trav\u00e9s del IEEPO, que \u201cen un acto de voluntad pol\u00edtica y responsabilidad administrativa\u201d, ha dado tr\u00e1mite a los expedientes para la regularizaci\u00f3n de los supervisores y jefes de sector del sistema educativo de la entidad.<\/p>\n\n\n\n<p>En un comunicado, detall\u00f3 que en coordinaci\u00f3n con la Secretar\u00eda de Educaci\u00f3n P\u00fablica (SEP) del Gobierno de M\u00e9xico, al d\u00eda de hoy, se han resuelto favorablemente 43 casos en diferentes niveles educativos.<\/p>\n\n\n\n<p>\u201cEste proceso se realiza debido a que la Secci\u00f3n XXII del Sindicato Nacional de Trabajadores de la Educaci\u00f3n (SNTE) no consider\u00f3 a este personal en la distribuci\u00f3n de 700 millones de pesos autorizados, en diciembre de 2023, por el Gobierno Federal\u201d, responsabiliz\u00f3.&nbsp;<\/p>\n\n\n\n<p>A\u00f1adi\u00f3 que en la mesa tripartita, celebrada el 25 de septiembre de 2025, en la Ciudad de M\u00e9xico, la SEP inform\u00f3 que los supervisores y jefes de sector ser\u00e1n beneficiados al 100 por ciento en el presupuesto de los 800 millones de pesos, autorizados por la administraci\u00f3n federal para su regularizaci\u00f3n; lo que, al a\u00f1o, requerir\u00e1 una inversi\u00f3n de 109 millones 253 mil 700 pesos.<\/p>\n\n\n\n<p>Mientras tanto, en la regi\u00f3n de la Cuenca, docentes de la Secci\u00f3n 22 del SNTE bloquearon las casetas de peaje del Puente Papaloapan y Puente Caracol.<\/p>\n\n\n\n<p>Lo anterior, \u201ctras la apertura de m\u00f3dulos educativos irregulares promovidos por sindicatos disidentes \u2014la Secci\u00f3n 59 del SNTE, el SITEM y el SNSE\u2014, con el respaldo del Instituto Estatal de Educaci\u00f3n P\u00fablica de Oaxaca (IEEPO)\u201d.<\/p>\n\n\n\n<p>En un comunicado, la gremial indic\u00f3 que con estas acciones buscan presionar al IEEPO para la instalaci\u00f3n urgente de una mesa de trabajo, donde se aborden y resuelvan las problem\u00e1ticas derivadas de lo que califican como \u201cuna ofensiva contra la educaci\u00f3n p\u00fablica y los derechos laborales del magisterio\u201d, de las cuales destacan el Jard\u00edn de ni\u00f1os \u201cCuauht\u00e9moc\u201d y la Escuela Secundaria General \u201cDonaji\u201d.&nbsp;<\/p>\n\n\n\n<p>\u201cLa Secci\u00f3n 22 reitera su rechazo a lo que consideramos una estrategia de debilitamiento del movimiento magisterial, al permitir la operaci\u00f3n de m\u00f3dulos sin reconocimiento sindical ni respaldo pedag\u00f3gico leg\u00edtimo\u201d.<\/p>\n\n\n\n<p>Otra de las movilizaciones registradas este martes fue por parte del Frente Nacional Ind\u00edgena y Campesino (FNIC) en la supercarretera Oaxaca-Cuacnopalan, a la altura de Asunci\u00f3n Nochixtl\u00e1n.<\/p>\n\n\n\n<p>Tambi\u00e9n efectuaron una protesta en el z\u00f3calo de la capital; en ambos casos para exigir la liberaci\u00f3n de su dirigente y otras personas, acusados de haber participado en el desalojo violento de una vivienda en Huajuapan de Le\u00f3n.<\/p>\n","protected":false},"excerpt":{"rendered":"<p>Raymundo Morales\/Zona Roja. Oaxaca, Oax., a 30 de septiembre de 2025.- Por segundo d\u00eda consecutivo,&hellip;<\/p>\n","protected":false},"author":2,"featured_media":85256,"comment_status":"closed","ping_status":"open","sticky":false,"template":"","format":"standard","meta":{"_lmt_disableupdate":"","_lmt_disable":"","_jetpack_memberships_contains_paid_content":false,"footnotes":""},"categories":[109,47],"tags":[1975],"class_list":["post-85255","post","type-post","status-publish","format-standard","has-post-thumbnail","hentry","category-minuto-a-minuto","category-zona-gris","tag-bloqueos-carreteros-oaxaca"],"jetpack_featured_media_url":"https:\/\/zonaroja.com.mx\/wp-content\/uploads\/2025\/09\/Bloqueo-casetas-peaje-Seccion-22-Cuenca.jpeg","jetpack_sharing_enabled":true,"_links":{"self":[{"href":"https:\/\/zonaroja.com.mx\/index.php?rest_route=\/wp\/v2\/posts\/85255","targetHints":{"allow":["GET"]}}],"collection":[{"href":"https:\/\/zonaroja.com.mx\/index.php?rest_route=\/wp\/v2\/posts"}],"about":[{"href":"https:\/\/zonaroja.com.mx\/index.php?rest_route=\/wp\/v2\/types\/post"}],"author":[{"embeddable":true,"href":"https:\/\/zonaroja.com.mx\/index.php?rest_route=\/wp\/v2\/users\/2"}],"replies":[{"embeddable":true,"href":"https:\/\/zonaroja.com.mx\/index.php?rest_route=%2Fwp%2Fv2%2Fcomments&post=85255"}],"version-history":[{"count":1,"href":"https:\/\/zonaroja.com.mx\/index.php?rest_route=\/wp\/v2\/posts\/85255\/revisions"}],"predecessor-version":[{"id":85257,"href":"https:\/\/zonaroja.com.mx\/index.php?rest_route=\/wp\/v2\/posts\/85255\/revisions\/85257"}],"wp:featuredmedia":[{"embeddable":true,"href":"https:\/\/zonaroja.com.mx\/index.php?rest_route=\/wp\/v2\/media\/85256"}],"wp:attachment":[{"href":"https:\/\/zonaroja.com.mx\/index.php?rest_route=%2Fwp%2Fv2%2Fmedia&parent=85255"}],"wp:term":[{"taxonomy":"category","embeddable":true,"href":"https:\/\/zonaroja.com.mx\/index.php?rest_route=%2Fwp%2Fv2%2Fcategories&post=85255"},{"taxonomy":"post_tag","embeddable":true,"href":"https:\/\/zonaroja.com.mx\/index.php?rest_route=%2Fwp%2Fv2%2Ftags&post=85255"}],"curies":[{"name":"wp","href":"https:\/\/api.w.org\/{rel}","templated":true}]}}