{"id":85258,"date":"2025-10-01T07:15:00","date_gmt":"2025-10-01T13:15:00","guid":{"rendered":"https:\/\/zonaroja.com.mx\/?p=85258"},"modified":"2025-10-01T06:45:31","modified_gmt":"2025-10-01T12:45:31","slug":"inauguran-instalaciones-de-la-guardia-nacional-en-huatulco","status":"publish","type":"post","link":"https:\/\/zonaroja.com.mx\/?p=85258","title":{"rendered":"Inauguran instalaciones de la Guardia Nacional en Huatulco"},"content":{"rendered":"\n<p>Redacci\u00f3n\/Zona Roja.<\/p>\n\n\n\n<p>Oaxaca, Oax., a 1 de octubre de 2025.- El gobernador Salom\u00f3n Jara Cruz asisti\u00f3 ayer a la inauguraci\u00f3n de las instalaciones de la Compa\u00f1\u00eda de la Guardia Nacional (GN) en Santa Mar\u00eda Huatulco, que contribuir\u00e1 a la prevenci\u00f3n del delito y el fortalecimiento de la confianza ciudadana.<\/p>\n\n\n\n<p>Al recorrer este inmueble construido por la Presidenta de M\u00e9xico y Comandanta Suprema de las Fuerzas Armadas, Claudia Sheinbaum Pardo, el mandatario estatal reconoci\u00f3 a las y los elementos de esta instituci\u00f3n generadora de paz y proximidad.<\/p>\n\n\n\n<p>Destac\u00f3 que su trabajo coordinado y permanente con las instituciones de la Primavera Oaxaque\u00f1a, ha permitido avanzar, con determinaci\u00f3n e inteligencia, en la salvaguarda de la integridad y patrimonio de las familias oaxaque\u00f1as; por ello, el estado es el quinto m\u00e1s seguro del pa\u00eds.<\/p>\n\n\n\n<p>En este sentido, Jara Cruz manifest\u00f3 su benepl\u00e1cito por este hecho, que fortalece a esta corporaci\u00f3n central de la estrategia de seguridad p\u00fablica del pa\u00eds.<\/p>\n\n\n\n<p>En su oportunidad, el General Brigadier de Guardia Nacional de Estado Mayor, Carlos Salvador Hern\u00e1ndez Carbajal, reiter\u00f3 que esta instituci\u00f3n va a seguir desarrollando trabajos de inteligencia para la prevenci\u00f3n, persecuci\u00f3n e investigaci\u00f3n de delitos en beneficio de las y los oaxaque\u00f1os.<\/p>\n\n\n\n<p>\u201cLa construcci\u00f3n de esta Compa\u00f1\u00eda, representa una respuesta decidida ante los reclamos de seguridad de la sociedad y, en estas instalaciones, hombres y mujeres valientes se alistar\u00e1n para servir con integridad, disciplina y entrega absoluta\u201d, dijo.<\/p>\n\n\n\n<p>Tras una reforma constitucional promulgada el 30 de septiembre de 2024, la Guardia Nacional depende de la Secretar\u00eda de la Defensa Nacional (Defensa), lo que incrementa su capacidad de respuesta a la poblaci\u00f3n.<\/p>\n\n\n\n<p>Brinda apoyo a la ciudadan\u00eda en caso de fen\u00f3menos naturales de cualquier tipo, con el Plan DN-III-E, en colaboraci\u00f3n con el Ej\u00e9rcito Mexicano.<\/p>\n","protected":false},"excerpt":{"rendered":"<p>Redacci\u00f3n\/Zona Roja. Oaxaca, Oax., a 1 de octubre de 2025.- El gobernador Salom\u00f3n Jara Cruz&hellip;<\/p>\n","protected":false},"author":2,"featured_media":85259,"comment_status":"closed","ping_status":"open","sticky":false,"template":"","format":"standard","meta":{"_lmt_disableupdate":"","_lmt_disable":"","_jetpack_memberships_contains_paid_content":false,"footnotes":""},"categories":[109,46],"tags":[939],"class_list":["post-85258","post","type-post","status-publish","format-standard","has-post-thumbnail","hentry","category-minuto-a-minuto","category-zona-blanca","tag-salomon-jara-cruz"],"jetpack_featured_media_url":"https:\/\/zonaroja.com.mx\/wp-content\/uploads\/2025\/10\/Salomon-Jara-Guardia-Nacional-Huatulco.jpeg","jetpack_sharing_enabled":true,"_links":{"self":[{"href":"https:\/\/zonaroja.com.mx\/index.php?rest_route=\/wp\/v2\/posts\/85258","targetHints":{"allow":["GET"]}}],"collection":[{"href":"https:\/\/zonaroja.com.mx\/index.php?rest_route=\/wp\/v2\/posts"}],"about":[{"href":"https:\/\/zonaroja.com.mx\/index.php?rest_route=\/wp\/v2\/types\/post"}],"author":[{"embeddable":true,"href":"https:\/\/zonaroja.com.mx\/index.php?rest_route=\/wp\/v2\/users\/2"}],"replies":[{"embeddable":true,"href":"https:\/\/zonaroja.com.mx\/index.php?rest_route=%2Fwp%2Fv2%2Fcomments&post=85258"}],"version-history":[{"count":1,"href":"https:\/\/zonaroja.com.mx\/index.php?rest_route=\/wp\/v2\/posts\/85258\/revisions"}],"predecessor-version":[{"id":85260,"href":"https:\/\/zonaroja.com.mx\/index.php?rest_route=\/wp\/v2\/posts\/85258\/revisions\/85260"}],"wp:featuredmedia":[{"embeddable":true,"href":"https:\/\/zonaroja.com.mx\/index.php?rest_route=\/wp\/v2\/media\/85259"}],"wp:attachment":[{"href":"https:\/\/zonaroja.com.mx\/index.php?rest_route=%2Fwp%2Fv2%2Fmedia&parent=85258"}],"wp:term":[{"taxonomy":"category","embeddable":true,"href":"https:\/\/zonaroja.com.mx\/index.php?rest_route=%2Fwp%2Fv2%2Fcategories&post=85258"},{"taxonomy":"post_tag","embeddable":true,"href":"https:\/\/zonaroja.com.mx\/index.php?rest_route=%2Fwp%2Fv2%2Ftags&post=85258"}],"curies":[{"name":"wp","href":"https:\/\/api.w.org\/{rel}","templated":true}]}}