{"id":8526,"date":"2020-02-07T16:18:15","date_gmt":"2020-02-07T22:18:15","guid":{"rendered":"http:\/\/www.zonaroja.com.mx\/?p=8526"},"modified":"2020-02-07T16:18:18","modified_gmt":"2020-02-07T22:18:18","slug":"trabajadores-del-grupo-vera-denuncian-acoso-y-hostigamiento-piden-proteccion","status":"publish","type":"post","link":"https:\/\/zonaroja.com.mx\/?p=8526","title":{"rendered":"Trabajadores del Grupo Vera denuncian acoso y hostigamiento; piden protecci\u00f3n"},"content":{"rendered":"\n<p>Evlin\nArag\u00f3n\/Zona Roja.<\/p>\n\n\n\n<p>Oaxaca\nde Ju\u00e1rez, Oax., 7 de febrero de 2020.- Personal que labora en las diferentes\ngasolineras adscritas al corporativo Grupo Vera, denunci\u00f3 una serie de actos de\nacoso y hostigamiento en su contra, por parte de sujetos desconocidos.<\/p>\n\n\n\n<p>Al\nestilo policiaco, los han interceptado en varias ocasiones para cuestionarlos\nen torno a la ubicaci\u00f3n del empresario Juan Antonio Vera Carrizal, acusado de\nser autor material de la agresi\u00f3n de la saxofonista Mar\u00eda Elena R\u00edos Ortiz.<\/p>\n\n\n\n<p>En\nconferencia de prensa, Fernando Luna, representante legal, explic\u00f3 que se trata\nde un aproximado de 10 trabajadoras y trabajadores los que han denunciado ante\nla empresa dichas situaciones, que han sido identificadas en tres estaciones de\nventa de gasolina ubicadas en la capital de estado de Oaxaca, ligadas al ex\ndiputado local Vera Carrizal.<\/p>\n\n\n\n<p>Con\ntestimonios de por lo menos dos trabajadores varones y una mujer, se dio cuenta\nque desde el mes de noviembre, previo al entrar a laborar, durante y posterior\na su jornada, se han acercado camionetas y motocicletas sin ning\u00fan logotipo,\npara interceptarles y realizarles una serie de preguntas, incluso utilizando\npalabras altisonantes para intimidarles.<\/p>\n\n\n\n<p>\u201cNosotros\nestamos siendo afectados en el \u00e1mbito laboral, el hostigamiento, la presi\u00f3n ha\nsido muy directa, cada vez m\u00e1s constante y agresiva, nosotros como terceras\npersonas no tenemos nada que ver solo somos trabajadores y no se vale que a las\ncinco de la ma\u00f1ana seamos interceptados por personas que no se identifican y\nsolo buscan amedrentarnos para obtener informaci\u00f3n que no tenemos\u201d, dijo el\nprimer testimonio.<\/p>\n\n\n\n<p>Aunque ninguna de las personas se ha identificado; trabajadores de las gasolineras presumen se puede tratar de elementos de la Fiscal\u00eda General del Estado de Oaxaca, quienes han incurrido en esta campa\u00f1a de persecuci\u00f3n, acoso y hostigamiento de trabajadoras y trabajadores que piensan pueden ayudarlos a dar con el paradero del hoy pr\u00f3fugo de la justicia.<\/p>\n\n\n\n<figure class=\"wp-block-embed-twitter wp-block-embed is-type-rich is-provider-twitter\"><div class=\"wp-block-embed__wrapper\">\n<div class=\"twitter-tweet\"><blockquote class=\"twitter-tweet\" data-lang=\"es\"><p lang=\"es\" dir=\"ltr\"><a href=\"https:\/\/twitter.com\/hashtag\/OaxacaGris?src=hash&amp;ref_src=twsrc%5Etfw\">#OaxacaGris<\/a><br>\u201cSi el se\u00f1or fiscal (<a href=\"https:\/\/twitter.com\/RVasconcelosM?ref_src=twsrc%5Etfw\">@RVasconcelosM<\/a>) se est\u00e1 tomando la molestia, tambi\u00e9n que se tome la molestia de escucharnos a nosotros\u201d, reclam\u00f3 Amayrani, una de las trabajadoras acosadas e intimidadas por personas sospechosas, al parecer de la <a href=\"https:\/\/twitter.com\/FISCALIA_GobOax?ref_src=twsrc%5Etfw\">@FISCALIA_GobOax<\/a>. <a href=\"https:\/\/t.co\/snfiVEUZ4e\">pic.twitter.com\/snfiVEUZ4e<\/a><\/p>&mdash; Zona Roja Oaxaca (@MexRoja) <a href=\"https:\/\/twitter.com\/MexRoja\/status\/1225883664770387970?ref_src=twsrc%5Etfw\">7 de febrero de 2020<\/a><\/blockquote><\/div>\n<\/div><\/figure>\n\n\n\n<p>\u201cSi\nel se\u00f1or fiscal (Rub\u00e9n Vasconcelos) se est\u00e1 tomando la molestia, tambi\u00e9n que se\ntome la molestia de escucharnos a nosotros\u201d, reclam\u00f3 Amayrani, una de las\ntrabajadoras acosadas e intimidadas por personas sospechosas.<\/p>\n\n\n\n<p>De\nacuerdo con la informaci\u00f3n brindada, ha sido esta trabajadora la \u00fanica que ha\nrealizado una denuncia penal por el hostigamiento del que ha sido objeto, donde\nincluso la han agredido verbalmente en medio de una serie de cuestionamientos\nque incluyen las preguntas de \u00bfqui\u00e9n es due\u00f1o de la gasolinera?, \u00bfqu\u00e9 relaci\u00f3n\ntienen los trabajadores con \u00e9l?, y \u00bfd\u00f3nde podr\u00eda estar?<\/p>\n\n\n\n<p>\u201cSaliendo\ndel trabajo &#8211;la gasolinera ubicada en la avenida Hornos de Santa Luc\u00eda del\nCamino&#8211; me han interceptado sujetos para cuestionarme sobre mi presencia en el\nlugar\u201d, dijo otro de los denunciantes, a la par que hicieron evidente que en\nhorario laboral pasan veh\u00edculos para supuestamente cargar gasolina y hacen\npreguntas al personal sin tener ninguno tipo de orden que lo avale.<\/p>\n\n\n\n<p>Aprovecharon\npara deslindarse de Juan Antonio Vera Carrizal, asegurando que s\u00f3lo trabajan en\nel Corporativo Vera, en el cual hay varios due\u00f1os y nunca han tenido trato\nalguno con el empresario y ex diputado local que enfrenta un proceso penal por\nel da\u00f1o en contra de Mar\u00eda Elena R\u00edos Ortiz y que actualmente se encuentra en\ncalidad de no localizado.<\/p>\n\n\n\n<p>\u201cNuestra\nrelaci\u00f3n es \u00fanicamente laboral, desconocemos totalmente la situaci\u00f3n que se est\u00e9\ndando con el se\u00f1or Juan Vera, la cual es totalmente ajena a nosotros\u201d dijo\nSilvia Yescas, encargada laboral del Grupo Vera.<\/p>\n","protected":false},"excerpt":{"rendered":"<p>Evlin Arag\u00f3n\/Zona Roja. Oaxaca de Ju\u00e1rez, Oax., 7 de febrero de 2020.- Personal que labora&hellip;<\/p>\n","protected":false},"author":2,"featured_media":8527,"comment_status":"closed","ping_status":"open","sticky":false,"template":"","format":"standard","meta":{"_lmt_disableupdate":"","_lmt_disable":"","_jetpack_memberships_contains_paid_content":false,"footnotes":""},"categories":[109,47],"tags":[1144,1124],"class_list":["post-8526","post","type-post","status-publish","format-standard","has-post-thumbnail","hentry","category-minuto-a-minuto","category-zona-gris","tag-juan-antonio-vera-carrizal","tag-maria-elena-rios-ortiz"],"jetpack_featured_media_url":"https:\/\/zonaroja.com.mx\/wp-content\/uploads\/2020\/02\/Conferencia-trabajadores-Vera-Carrizal.png","jetpack_sharing_enabled":true,"_links":{"self":[{"href":"https:\/\/zonaroja.com.mx\/index.php?rest_route=\/wp\/v2\/posts\/8526","targetHints":{"allow":["GET"]}}],"collection":[{"href":"https:\/\/zonaroja.com.mx\/index.php?rest_route=\/wp\/v2\/posts"}],"about":[{"href":"https:\/\/zonaroja.com.mx\/index.php?rest_route=\/wp\/v2\/types\/post"}],"author":[{"embeddable":true,"href":"https:\/\/zonaroja.com.mx\/index.php?rest_route=\/wp\/v2\/users\/2"}],"replies":[{"embeddable":true,"href":"https:\/\/zonaroja.com.mx\/index.php?rest_route=%2Fwp%2Fv2%2Fcomments&post=8526"}],"version-history":[{"count":1,"href":"https:\/\/zonaroja.com.mx\/index.php?rest_route=\/wp\/v2\/posts\/8526\/revisions"}],"predecessor-version":[{"id":8528,"href":"https:\/\/zonaroja.com.mx\/index.php?rest_route=\/wp\/v2\/posts\/8526\/revisions\/8528"}],"wp:featuredmedia":[{"embeddable":true,"href":"https:\/\/zonaroja.com.mx\/index.php?rest_route=\/wp\/v2\/media\/8527"}],"wp:attachment":[{"href":"https:\/\/zonaroja.com.mx\/index.php?rest_route=%2Fwp%2Fv2%2Fmedia&parent=8526"}],"wp:term":[{"taxonomy":"category","embeddable":true,"href":"https:\/\/zonaroja.com.mx\/index.php?rest_route=%2Fwp%2Fv2%2Fcategories&post=8526"},{"taxonomy":"post_tag","embeddable":true,"href":"https:\/\/zonaroja.com.mx\/index.php?rest_route=%2Fwp%2Fv2%2Ftags&post=8526"}],"curies":[{"name":"wp","href":"https:\/\/api.w.org\/{rel}","templated":true}]}}