{"id":85261,"date":"2025-10-01T08:15:00","date_gmt":"2025-10-01T14:15:00","guid":{"rendered":"https:\/\/zonaroja.com.mx\/?p=85261"},"modified":"2025-10-01T06:48:28","modified_gmt":"2025-10-01T12:48:28","slug":"ya-hay-89-mdp-para-retomar-rehabilitacion-de-la-central-de-abasto","status":"publish","type":"post","link":"https:\/\/zonaroja.com.mx\/?p=85261","title":{"rendered":"Ya hay 89 mdp para retomar rehabilitaci\u00f3n de la Central de Abasto"},"content":{"rendered":"\n<p>Lisbeth Mej\u00eda Reyes\/Zona Roja.<\/p>\n\n\n\n<p>Oaxaca, Oax., a 1 de octubre de 2025.- El ayuntamiento de Oaxaca de Ju\u00e1rez inform\u00f3 que ser\u00e1 este 6 de octubre cuando se retome la remodelaci\u00f3n de la zona de pan y comedores de la Central de Abasto, una obra que inici\u00f3 en 2023 la Secretar\u00eda de Desarrollo Agrario Territorial y Urbano (Sedatu), del gobierno federal, pero que qued\u00f3 suspendida desde finales de 2024.<\/p>\n\n\n\n<p>Para la \u00faltima etapa de la remodelaci\u00f3n, el presidente municipal, Raymundo Chagoya Villanueva, explic\u00f3 que la dependencia federal ha aportado 89 millones de pesos. Aunque se prev\u00e9 que se necesiten hasta 110 millones de pesos para concluir la obra y ser\u00e1 el municipio el que aporte el resto de recursos.<\/p>\n\n\n\n<p>Este martes, durante su conferencia semanal en el palacio municipal, Chagoya Villanueva explic\u00f3 que para lograr la conclusi\u00f3n de los trabajos, acudi\u00f3 a la Ciudad de M\u00e9xico para gestionar los recursos con la Sedatu. Tambi\u00e9n para analizar y cotejar los pendientes y con base en esto calcular el monto necesario para los trabajos.&nbsp;<\/p>\n\n\n\n<p>Tras esto, la Sedatu y el ayuntamiento firmaron un convenio por el que la dependencia federal se comprometi\u00f3 a transferir los 89 millones al gobierno estatal y este, a su vez, al ayuntamiento capitalino. Una vez recibido el recurso por el municipio, se emiti\u00f3 la licitaci\u00f3n para la obra y por lo cual los trabajos se reanudar\u00e1n el pr\u00f3ximo lunes 6 de octubre.<\/p>\n\n\n\n<p>La remodelaci\u00f3n de la zona de pan y comedores de la Central de Abasto es una obra que comenz\u00f3 el gobierno federal, a trav\u00e9s de la Sedatu, entre enero y febrero de 2023.<\/p>\n\n\n\n<p>Seg\u00fan lo informado en su momento por la dependencia federal, la inversi\u00f3n iba a ser de 218 millones de pesos y los trabajos se iban a concluir en diciembre de ese mismo a\u00f1o. Para esto, los m\u00e1s de 600 comerciantes de la zona tuvieron que salir de sus locales y ser reubicados en otras partes de la mayor zona comercial de la ciudad.<\/p>\n\n\n\n<p>Sin embargo, hubo varios retrasos e incluso denuncias de locatarios por presuntas irregularidades en la obra, lo que finalmente llev\u00f3 a su suspensi\u00f3n a finales de 2024.<\/p>\n\n\n\n<p>Con la nueva inversi\u00f3n para la \u00faltima etapa, estimada en hasta 110 millones de pesos, el costo total de la obra se aproximar\u00e1 a los 350 millones de pesos, al considerar los 218 reportados inicialmente por Sedatu y otros 20 millones que la pasada administraci\u00f3n municipal dijo haber empleado en la reubicaci\u00f3n de las y los locatarios.<\/p>\n\n\n\n<figure class=\"wp-block-embed is-type-rich is-provider-twitter wp-block-embed-twitter\"><div class=\"wp-block-embed__wrapper\">\n<div class=\"twitter-tweet\"><blockquote class=\"twitter-tweet\" data-lang=\"es\"><p lang=\"es\" dir=\"ltr\"><a href=\"https:\/\/twitter.com\/hashtag\/AlMomento?src=hash&amp;ref_src=twsrc%5Etfw\">#AlMomento<\/a><br>En su conferencia de prensa semanal, el presidente municipal de Oaxaca de Ju\u00e1rez, <a href=\"https:\/\/twitter.com\/raychagoya?ref_src=twsrc%5Etfw\">@RayChagoya<\/a>, destac\u00f3 y agradeci\u00f3 hoy el apoyo de la mandataria mexicana <a href=\"https:\/\/twitter.com\/Claudiashein?ref_src=twsrc%5Etfw\">@ClaudiaShein<\/a>, en su primer a\u00f1o de gobierno; anunci\u00f3 que acudir\u00e1 el pr\u00f3ximo domingo al informe que rendir\u00e1 la\u2026 <a href=\"https:\/\/t.co\/y0meGa6kxL\">pic.twitter.com\/y0meGa6kxL<\/a><\/p>&mdash; Zona Roja Oaxaca (@ZonaRoja_Oaxaca) <a href=\"https:\/\/twitter.com\/ZonaRoja_Oaxaca\/status\/1973096604899983375?ref_src=twsrc%5Etfw\">30 de septiembre de 2025<\/a><\/blockquote><\/div>\n<\/div><\/figure>\n","protected":false},"excerpt":{"rendered":"<p>Lisbeth Mej\u00eda Reyes\/Zona Roja. Oaxaca, Oax., a 1 de octubre de 2025.- El ayuntamiento de&hellip;<\/p>\n","protected":false},"author":2,"featured_media":85262,"comment_status":"closed","ping_status":"open","sticky":false,"template":"","format":"standard","meta":{"_lmt_disableupdate":"","_lmt_disable":"","_jetpack_memberships_contains_paid_content":false,"footnotes":""},"categories":[109,46],"tags":[4403],"class_list":["post-85261","post","type-post","status-publish","format-standard","has-post-thumbnail","hentry","category-minuto-a-minuto","category-zona-blanca","tag-ray-chagoya"],"jetpack_featured_media_url":"https:\/\/zonaroja.com.mx\/wp-content\/uploads\/2025\/10\/Raymundo-Chagoya-conferencia-de-prensa.jpg","jetpack_sharing_enabled":true,"_links":{"self":[{"href":"https:\/\/zonaroja.com.mx\/index.php?rest_route=\/wp\/v2\/posts\/85261","targetHints":{"allow":["GET"]}}],"collection":[{"href":"https:\/\/zonaroja.com.mx\/index.php?rest_route=\/wp\/v2\/posts"}],"about":[{"href":"https:\/\/zonaroja.com.mx\/index.php?rest_route=\/wp\/v2\/types\/post"}],"author":[{"embeddable":true,"href":"https:\/\/zonaroja.com.mx\/index.php?rest_route=\/wp\/v2\/users\/2"}],"replies":[{"embeddable":true,"href":"https:\/\/zonaroja.com.mx\/index.php?rest_route=%2Fwp%2Fv2%2Fcomments&post=85261"}],"version-history":[{"count":1,"href":"https:\/\/zonaroja.com.mx\/index.php?rest_route=\/wp\/v2\/posts\/85261\/revisions"}],"predecessor-version":[{"id":85263,"href":"https:\/\/zonaroja.com.mx\/index.php?rest_route=\/wp\/v2\/posts\/85261\/revisions\/85263"}],"wp:featuredmedia":[{"embeddable":true,"href":"https:\/\/zonaroja.com.mx\/index.php?rest_route=\/wp\/v2\/media\/85262"}],"wp:attachment":[{"href":"https:\/\/zonaroja.com.mx\/index.php?rest_route=%2Fwp%2Fv2%2Fmedia&parent=85261"}],"wp:term":[{"taxonomy":"category","embeddable":true,"href":"https:\/\/zonaroja.com.mx\/index.php?rest_route=%2Fwp%2Fv2%2Fcategories&post=85261"},{"taxonomy":"post_tag","embeddable":true,"href":"https:\/\/zonaroja.com.mx\/index.php?rest_route=%2Fwp%2Fv2%2Ftags&post=85261"}],"curies":[{"name":"wp","href":"https:\/\/api.w.org\/{rel}","templated":true}]}}