{"id":85264,"date":"2025-10-01T09:15:00","date_gmt":"2025-10-01T15:15:00","guid":{"rendered":"https:\/\/zonaroja.com.mx\/?p=85264"},"modified":"2025-10-01T07:30:09","modified_gmt":"2025-10-01T13:30:09","slug":"conflicto-agrario-entre-chicapa-y-san-dionisio-del-mar-se-reactiva","status":"publish","type":"post","link":"https:\/\/zonaroja.com.mx\/?p=85264","title":{"rendered":"Conflicto agrario entre Chicapa y San Dionisio del Mar se reactiva"},"content":{"rendered":"\n<p>Ismael Garc\u00eda M.\/Zona Roja.<\/p>\n\n\n\n<p>Oaxaca, Oax., a 1 de octubre de 2025.- Pobladores y autoridades agrarias de Chicapa de Castro, agencia de Juchit\u00e1n de Zaragoza, prev\u00e9n incursionar este mi\u00e9rcoles en la zona de conflicto con San Dionisio del Mar.<\/p>\n\n\n\n<p>La agencia de El Huam\u00fachil, perteneciente a este \u00faltimo municipio, advirti\u00f3 a sus pobladores a evitar caer en provocaciones, ante el amago de sus vecinos de cerrar el camino que conecta a ambos pueblos.<\/p>\n\n\n\n<p>Esta problem\u00e1tica tiene sus or\u00edgenes en una resoluci\u00f3n presidencial que data de 1970, la cual involucra mil 700 hect\u00e1reas, con proceso judicial en curso, cuyos planos definitivos agrarios favorecen a Chicapa de Castro.<\/p>\n\n\n\n<p>De acuerdo con el Gobierno del Estado, esta problem\u00e1tica tiene sus or\u00edgenes en una resoluci\u00f3n presidencial que data de 1970, la cual involucra mil 700 hect\u00e1reas, con proceso judicial en curso, cuyos planos definitivos agrarios favorecen a Chicapa de Castro.<\/p>\n\n\n\n<p>Apenas a finales de agosto pasado, esta \u00faltima localidad bloque\u00f3 la carretera Panamericana, en la zona oriente del Istmo, para presionar a las autoridades federales y estatales para resolver la problem\u00e1tica.<\/p>\n\n\n\n<p>Y hoy con el bloqueo, pretenden de nuevo que se agilice la resoluci\u00f3n por la disputa de tierras.<\/p>\n\n\n\n<p>El Huam\u00fachil, San Dionisio del Mar, llam\u00f3 a sus habitantes a utilizar el camino de El Palmar a Uni\u00f3n Hidalgo, en caso de requerir trasladarse a otras partes.<\/p>\n\n\n\n<p>\u201cPaisanos y paisanas, utilizando esta ruta alterna, vamos a seguir transitando de forma habitual y as\u00ed evitar caer en provocaciones con esas personas que est\u00e1n realizando las acciones en contra de nuestro pueblo.<\/p>\n\n\n\n<p>\u201cLos invitamos a mantenerse atentos a cualquier informaci\u00f3n oficial y tomar medidas necesarias para mitigar da\u00f1os ocasionados por este conflicto\u201d, difundi\u00f3 El Huam\u00fachil, a trav\u00e9s de su perfil en la red social Facebook.<\/p>\n","protected":false},"excerpt":{"rendered":"<p>Ismael Garc\u00eda M.\/Zona Roja. Oaxaca, Oax., a 1 de octubre de 2025.- Pobladores y autoridades&hellip;<\/p>\n","protected":false},"author":2,"featured_media":85265,"comment_status":"closed","ping_status":"open","sticky":false,"template":"","format":"standard","meta":{"_lmt_disableupdate":"","_lmt_disable":"","_jetpack_memberships_contains_paid_content":false,"footnotes":""},"categories":[109,47],"tags":[3124,634],"class_list":["post-85264","post","type-post","status-publish","format-standard","has-post-thumbnail","hentry","category-minuto-a-minuto","category-zona-gris","tag-chicapa-de-castro","tag-san-dionisio-del-mar"],"jetpack_featured_media_url":"https:\/\/zonaroja.com.mx\/wp-content\/uploads\/2025\/10\/Conflicto-San-Dionisio-del-Mar-Chicapa-.jpg","jetpack_sharing_enabled":true,"_links":{"self":[{"href":"https:\/\/zonaroja.com.mx\/index.php?rest_route=\/wp\/v2\/posts\/85264","targetHints":{"allow":["GET"]}}],"collection":[{"href":"https:\/\/zonaroja.com.mx\/index.php?rest_route=\/wp\/v2\/posts"}],"about":[{"href":"https:\/\/zonaroja.com.mx\/index.php?rest_route=\/wp\/v2\/types\/post"}],"author":[{"embeddable":true,"href":"https:\/\/zonaroja.com.mx\/index.php?rest_route=\/wp\/v2\/users\/2"}],"replies":[{"embeddable":true,"href":"https:\/\/zonaroja.com.mx\/index.php?rest_route=%2Fwp%2Fv2%2Fcomments&post=85264"}],"version-history":[{"count":1,"href":"https:\/\/zonaroja.com.mx\/index.php?rest_route=\/wp\/v2\/posts\/85264\/revisions"}],"predecessor-version":[{"id":85266,"href":"https:\/\/zonaroja.com.mx\/index.php?rest_route=\/wp\/v2\/posts\/85264\/revisions\/85266"}],"wp:featuredmedia":[{"embeddable":true,"href":"https:\/\/zonaroja.com.mx\/index.php?rest_route=\/wp\/v2\/media\/85265"}],"wp:attachment":[{"href":"https:\/\/zonaroja.com.mx\/index.php?rest_route=%2Fwp%2Fv2%2Fmedia&parent=85264"}],"wp:term":[{"taxonomy":"category","embeddable":true,"href":"https:\/\/zonaroja.com.mx\/index.php?rest_route=%2Fwp%2Fv2%2Fcategories&post=85264"},{"taxonomy":"post_tag","embeddable":true,"href":"https:\/\/zonaroja.com.mx\/index.php?rest_route=%2Fwp%2Fv2%2Ftags&post=85264"}],"curies":[{"name":"wp","href":"https:\/\/api.w.org\/{rel}","templated":true}]}}