{"id":85274,"date":"2025-10-01T12:03:00","date_gmt":"2025-10-01T18:03:00","guid":{"rendered":"https:\/\/zonaroja.com.mx\/?p=85274"},"modified":"2025-10-01T08:10:40","modified_gmt":"2025-10-01T14:10:40","slug":"clausura-congreso-periodo-de-sesiones-instala-diputacion-permanente","status":"publish","type":"post","link":"https:\/\/zonaroja.com.mx\/?p=85274","title":{"rendered":"Clausura Congreso periodo de sesiones; instala Diputaci\u00f3n Permanente\u00a0"},"content":{"rendered":"\n<p>Redacci\u00f3n\/Zona Roja.<\/p>\n\n\n\n<p>Oaxaca, Oax., a 1 de octubre de 2025.- El Congreso de Oaxaca realiz\u00f3 ayer la clausura del segundo periodo ordinario de Sesiones correspondiente al primer a\u00f1o de ejercicio constitucional de la 66 Legislatura local.<\/p>\n\n\n\n<p>En su mensaje, el presidente de la Junta de Coordinaci\u00f3n Pol\u00edtica (Jucopo), diputado Benjam\u00edn Viveros Montalvo, reconoci\u00f3 el trabajo de sus compa\u00f1eras y compa\u00f1eros de la Jucopo por priorizar el consenso y la pluralidad pol\u00edtica.<\/p>\n\n\n\n<p>Tambi\u00e9n de la Mesa Directiva por la colaboraci\u00f3n en la programaci\u00f3n de los asuntos y el desarrollo de las sesiones plenarias; a las Comisiones Permanentes, por haber impulsado conjuntamente el cumplimiento de la agenda legislativa, y al Grupo Parlamentario de Morena, por impulsar una agenda social, guiada por los principios de la Cuarta Transformaci\u00f3n y la Primavera Oaxaque\u00f1a.<\/p>\n\n\n\n<p>\u201cHoy cerramos este ciclo con la certeza de que hemos sembrado leyes que florecer\u00e1n en justicia, equidad y desarrollo\u201d, puntualiz\u00f3.<\/p>\n\n\n\n<p>Destac\u00f3 los resultados en materia legislativo que fueron impulsados en materia de Bienestar Social y Reducci\u00f3n de la Pobreza; Igualdad de G\u00e9nero y Derechos de las Mujeres; en Transparencia, Austeridad y Combate a la Corrupci\u00f3n; en Derechos de los Pueblos Ind\u00edgenas y Afromexicanos; Cultura; Educaci\u00f3n; Medio Ambiente y Sostenibilidad; Desarrollo y Turismo; y Modernizaci\u00f3n del Marco Jur\u00eddico Local.<\/p>\n\n\n\n<p>En este sentido, conmin\u00f3 a sus hom\u00f3logas y hom\u00f3logos a seguir legislando y dando resultados para que Oaxaca contin\u00fae en la ruta del desarrollo y del bienestar bajo el principio del humanismo mexicano \u201cporque estamos convencidos de que, por el bien de todos, primero los pobres\u201d.<\/p>\n\n\n\n<p>DIPUTACI\u00d3N PERMANENTE<\/p>\n\n\n\n<p>Posteriormente se declar\u00f3 formalmente instalada la Diputaci\u00f3n Permanente encargada de sesionar durante el segundo periodo de receso del primer a\u00f1o de ejercicio legal de la 66 Legislatura del Congreso del Estado, bajo la presidencia del diputado Juan Marcelino S\u00e1nchez Valdivieso, de Morena.<\/p>\n\n\n\n<p>Este \u00f3rgano parlamentario qued\u00f3 tambi\u00e9n conformado por la congresista Monserat Herrera Ruiz del partido Morena, como Vicepresidenta.<\/p>\n\n\n\n<p>Y como Secretarias, las diputadas Biaani Palomec Enr\u00edquez del Partido del Trabajo (PT), Dulce Alejandra Garc\u00eda Morlan de Movimiento Ciudadano y Cecilia Olivia Cruz Merl\u00edn de Morena.<\/p>\n\n\n\n<p>Mientras que, como Suplentes las legisladoras Jimena Yamil Arroyo Ju\u00e1rez de Morena y Melina Hern\u00e1ndez Sosa del Partido Verde Ecologista de M\u00e9xico (PVEM).<\/p>\n\n\n\n<p>La Diputaci\u00f3n Permanente inform\u00f3 que sesionar\u00e1 los martes a las 08:00 horas de cada semana, por lo que se cit\u00f3 a las y los diputados integrantes a sesi\u00f3n el pr\u00f3ximo 07 de octubre del a\u00f1o en curso en las instalaciones del Recinto del Poder Legislativo.<\/p>\n\n\n\n<p>Es de resaltar que el art\u00edculo 9 de la Ley Org\u00e1nica del Poder Legislativo de Oaxaca establece que el Congreso del Estado tendr\u00e1 cada a\u00f1o dos per\u00edodos ordinarios de sesiones; el primero comenzar\u00e1 el 15 de noviembre y terminar\u00e1 el 15 de abril; y el segundo dar\u00e1 inicio el 1 de julio y concluir\u00e1 el 30 de septiembre.<\/p>\n","protected":false},"excerpt":{"rendered":"<p>Redacci\u00f3n\/Zona Roja. Oaxaca, Oax., a 1 de octubre de 2025.- El Congreso de Oaxaca realiz\u00f3&hellip;<\/p>\n","protected":false},"author":2,"featured_media":85275,"comment_status":"closed","ping_status":"open","sticky":false,"template":"","format":"standard","meta":{"_lmt_disableupdate":"","_lmt_disable":"","_jetpack_memberships_contains_paid_content":false,"footnotes":""},"categories":[109,46],"tags":[3664,303],"class_list":["post-85274","post","type-post","status-publish","format-standard","has-post-thumbnail","hentry","category-minuto-a-minuto","category-zona-blanca","tag-benjamin-viveros-montalvo","tag-congreso-del-estado-de-oaxaca"],"jetpack_featured_media_url":"https:\/\/zonaroja.com.mx\/wp-content\/uploads\/2025\/10\/Benjamin-Viveros-Diputado-Congreso.jpeg","jetpack_sharing_enabled":true,"_links":{"self":[{"href":"https:\/\/zonaroja.com.mx\/index.php?rest_route=\/wp\/v2\/posts\/85274","targetHints":{"allow":["GET"]}}],"collection":[{"href":"https:\/\/zonaroja.com.mx\/index.php?rest_route=\/wp\/v2\/posts"}],"about":[{"href":"https:\/\/zonaroja.com.mx\/index.php?rest_route=\/wp\/v2\/types\/post"}],"author":[{"embeddable":true,"href":"https:\/\/zonaroja.com.mx\/index.php?rest_route=\/wp\/v2\/users\/2"}],"replies":[{"embeddable":true,"href":"https:\/\/zonaroja.com.mx\/index.php?rest_route=%2Fwp%2Fv2%2Fcomments&post=85274"}],"version-history":[{"count":1,"href":"https:\/\/zonaroja.com.mx\/index.php?rest_route=\/wp\/v2\/posts\/85274\/revisions"}],"predecessor-version":[{"id":85276,"href":"https:\/\/zonaroja.com.mx\/index.php?rest_route=\/wp\/v2\/posts\/85274\/revisions\/85276"}],"wp:featuredmedia":[{"embeddable":true,"href":"https:\/\/zonaroja.com.mx\/index.php?rest_route=\/wp\/v2\/media\/85275"}],"wp:attachment":[{"href":"https:\/\/zonaroja.com.mx\/index.php?rest_route=%2Fwp%2Fv2%2Fmedia&parent=85274"}],"wp:term":[{"taxonomy":"category","embeddable":true,"href":"https:\/\/zonaroja.com.mx\/index.php?rest_route=%2Fwp%2Fv2%2Fcategories&post=85274"},{"taxonomy":"post_tag","embeddable":true,"href":"https:\/\/zonaroja.com.mx\/index.php?rest_route=%2Fwp%2Fv2%2Ftags&post=85274"}],"curies":[{"name":"wp","href":"https:\/\/api.w.org\/{rel}","templated":true}]}}