{"id":85280,"date":"2025-10-01T13:17:00","date_gmt":"2025-10-01T19:17:00","guid":{"rendered":"https:\/\/zonaroja.com.mx\/?p=85280"},"modified":"2025-10-01T08:18:17","modified_gmt":"2025-10-01T14:18:17","slug":"arrancan-fiestas-de-puerto-angel-2025-con-la-guelaguetza-del-angel-del-mar","status":"publish","type":"post","link":"https:\/\/zonaroja.com.mx\/?p=85280","title":{"rendered":"Arrancan fiestas de Puerto \u00c1ngel 2025 con la Guelaguetza del \u00c1ngel del Mar"},"content":{"rendered":"\n<p>Redacci\u00f3n\/Zona Roja.<\/p>\n\n\n\n<p>Oaxaca, Oax., a 1 de octubre de 2025.\u2013 Con una calenda llena de m\u00fasica, alegr\u00eda y tradici\u00f3n, iniciaron las Fiestas Patronales de Puerto \u00c1ngel 2025, en honor al Santo \u00c1ngel Custodio, donde cientos de familias, delegaciones culturales y autoridades municipales se unieron para recorrer las calles en un ambiente de unidad y respeto a las costumbres.<\/p>\n\n\n\n<p>Durante el recorrido participaron comit\u00e9s de la iglesia, instituciones educativas, bandas de m\u00fasica, mayordomos, autoridades eclesi\u00e1sticas y de la Agencia Municipal, as\u00ed como delegaciones culturales de la regi\u00f3n, que anunciaron el arranque de la esperada Guelaguetza de las Fiestas del \u00c1ngel, expresi\u00f3n viva de la hermandad y de la riqueza de la tradici\u00f3n coste\u00f1a.<\/p>\n\n\n\n<p>Uno de los momentos m\u00e1s destacados fue la celebraci\u00f3n de la Guelaguetza del \u00c1ngel del Mar, que reuni\u00f3 a m\u00e1s de 150 artistas en escena y congreg\u00f3 a 3 mil asistentes, entre porte\u00f1os y visitantes que acudieron a disfrutar de esta fiesta cultural.<\/p>\n\n\n\n<p>Cada verso, danza y nota musical hicieron vibrar a la Costa Oaxaque\u00f1a, mostrando la diversidad e identidad que distingue a Oaxaca y que se expresa con fuerza en cada manifestaci\u00f3n art\u00edstica, proyectando al mundo la riqueza de su historia cultural.<\/p>\n\n\n\n<p>En esta edici\u00f3n, participaron delegaciones de Villa de Tututepec, Santa Mar\u00eda Tonameca, San Pedro Mixtepec, Santa Catarina Juquila, Santa Mar\u00eda Huatulco y San Pedro Pochutla, quienes con su talento y colorido dieron vida a un espect\u00e1culo que refrenda el orgullo de las comunidades.<\/p>\n\n\n\n<p>Las Fiestas Patronales de Puerto \u00c1ngel 2025 continuar\u00e1n con diversas actividades los d\u00edas 30 de septiembre y 1 de octubre, consolid\u00e1ndose como un referente cultural y tur\u00edstico de la Costa Oaxaque\u00f1a.<\/p>\n\n\n\n<p>Con estas celebraciones, Puerto \u00c1ngel reafirma su vocaci\u00f3n como un destino lleno de identidad, tradici\u00f3n y hospitalidad, donde la m\u00fasica, la danza y el esp\u00edritu comunitario mantienen viva la herencia cultural de Oaxaca.<\/p>\n","protected":false},"excerpt":{"rendered":"<p>Redacci\u00f3n\/Zona Roja. Oaxaca, Oax., a 1 de octubre de 2025.\u2013 Con una calenda llena de&hellip;<\/p>\n","protected":false},"author":2,"featured_media":85282,"comment_status":"closed","ping_status":"open","sticky":false,"template":"","format":"standard","meta":{"_lmt_disableupdate":"","_lmt_disable":"","_jetpack_memberships_contains_paid_content":false,"footnotes":""},"categories":[109,46],"tags":[1031],"class_list":["post-85280","post","type-post","status-publish","format-standard","has-post-thumbnail","hentry","category-minuto-a-minuto","category-zona-blanca","tag-secretaria-de-turismo-oaxaca"],"jetpack_featured_media_url":"https:\/\/zonaroja.com.mx\/wp-content\/uploads\/2025\/10\/turismo-Puerto-Angel.jpg","jetpack_sharing_enabled":true,"_links":{"self":[{"href":"https:\/\/zonaroja.com.mx\/index.php?rest_route=\/wp\/v2\/posts\/85280","targetHints":{"allow":["GET"]}}],"collection":[{"href":"https:\/\/zonaroja.com.mx\/index.php?rest_route=\/wp\/v2\/posts"}],"about":[{"href":"https:\/\/zonaroja.com.mx\/index.php?rest_route=\/wp\/v2\/types\/post"}],"author":[{"embeddable":true,"href":"https:\/\/zonaroja.com.mx\/index.php?rest_route=\/wp\/v2\/users\/2"}],"replies":[{"embeddable":true,"href":"https:\/\/zonaroja.com.mx\/index.php?rest_route=%2Fwp%2Fv2%2Fcomments&post=85280"}],"version-history":[{"count":1,"href":"https:\/\/zonaroja.com.mx\/index.php?rest_route=\/wp\/v2\/posts\/85280\/revisions"}],"predecessor-version":[{"id":85283,"href":"https:\/\/zonaroja.com.mx\/index.php?rest_route=\/wp\/v2\/posts\/85280\/revisions\/85283"}],"wp:featuredmedia":[{"embeddable":true,"href":"https:\/\/zonaroja.com.mx\/index.php?rest_route=\/wp\/v2\/media\/85282"}],"wp:attachment":[{"href":"https:\/\/zonaroja.com.mx\/index.php?rest_route=%2Fwp%2Fv2%2Fmedia&parent=85280"}],"wp:term":[{"taxonomy":"category","embeddable":true,"href":"https:\/\/zonaroja.com.mx\/index.php?rest_route=%2Fwp%2Fv2%2Fcategories&post=85280"},{"taxonomy":"post_tag","embeddable":true,"href":"https:\/\/zonaroja.com.mx\/index.php?rest_route=%2Fwp%2Fv2%2Ftags&post=85280"}],"curies":[{"name":"wp","href":"https:\/\/api.w.org\/{rel}","templated":true}]}}