{"id":85289,"date":"2025-10-01T12:19:22","date_gmt":"2025-10-01T18:19:22","guid":{"rendered":"https:\/\/zonaroja.com.mx\/?p=85289"},"modified":"2025-10-02T06:28:56","modified_gmt":"2025-10-02T12:28:56","slug":"confirman-cinco-linchados-y-calcinados-en-comunidad-indigena-de-oaxaca","status":"publish","type":"post","link":"https:\/\/zonaroja.com.mx\/?p=85289","title":{"rendered":"Confirman cinco linchados y calcinados en comunidad ind\u00edgena de Oaxaca&nbsp;"},"content":{"rendered":"\n<p>Ismael Garc\u00eda M.\/Zona Roja.&nbsp;<\/p>\n\n\n\n<p class=\"MsoNormal\">Oaxaca, Oax., a 1 de octubre de 2025.-&nbsp;La Fiscal\u00eda General del Estado de Oaxaca confirm\u00f3 el hallazgo de restos humanos, de al menos cinco cuerpos linchados y calcinados, en el paraje \u201cLlano Amarillo\u201d, de Santa Mar\u00eda Texcatitl\u00e1n, regi\u00f3n de Sierra de Flores Mag\u00f3n.&nbsp;<\/p>\n\n\n\n<p class=\"MsoNormal\">Inform\u00f3 que, derivado de los diferentes actos de investigaci\u00f3n, obtuvo pruebas que contribuyen a establecer varias l\u00edneas que sugieren que en la zona existen conflictos agrarios activos, as\u00ed como denuncias por actividades il\u00edcitas, adem\u00e1s de un probable origen en asuntos de cobros indebidos.<\/p>\n\n\n\n<p class=\"MsoNormal\">En un comunicado, indic\u00f3 que&nbsp;realiza los trabajos ministeriales iniciales gracias a los que se cuenta con datos suficientes para definir las primeras l\u00edneas de investigaci\u00f3n luego del hallazgo de los restos de personas que presumiblemente fueron calcinados.<\/p>\n\n\n\n<p class=\"MsoNormal\">Los hechos sucedieron el martes, 30 de septiembre de 2025, cuando un grupo operativo encabezado por la Fiscal\u00eda General, a trav\u00e9s de la Agencia Estatal de Investigaciones (AEI), Guardia Nacional y Polic\u00eda Estatal, realiz\u00f3 labores de b\u00fasqueda de cinco personas, luego de recibir el reporte por la desaparici\u00f3n de un hombre que iba acompa\u00f1ado de otras cuatro personas.<\/p>\n\n\n\n<p class=\"MsoNormal\">Luego de la localizaci\u00f3n de los cuerpos, peritos especializados realizan las tareas en diferentes materias de ciencia forense para establecer las causas de la muerte ya que, de manera preliminar, se estableci\u00f3 que los responsables les prendieron fuego a los cuerpos.<\/p>\n\n\n\n<p class=\"MsoNormal\">Por lo anterior, los restos ser\u00e1n sometidos a an\u00e1lisis del ADN, a partir de muestras biol\u00f3gicas para contar con un perfil gen\u00e9tico que permita identificar a las v\u00edctimas, para determinar si coinciden con las personas reportadas como desaparecidas.&nbsp;<\/p>\n\n\n\n<p class=\"MsoNormal\">En tanto, la Fiscal\u00eda de Oaxaca avanza en las investigaciones ministeriales a trav\u00e9s de la Vicefiscal\u00eda General de Control Regional para tener la certeza de c\u00f3mo sucedieron los hechos y dar con los responsables.<\/p>\n\n\n\n<p class=\"MsoNormal\">De manera extraoficial las v\u00edctimas han sido identificadas como&nbsp;Juana P. T.,, Mart\u00edn G. L., Miguel Alberto<\/p>\n\n\n\n<p>M. G., Santiago M. C. y Jos\u00e9 Benjam\u00edn H.&nbsp;<\/p>\n","protected":false},"excerpt":{"rendered":"<p>Ismael Garc\u00eda M.\/Zona Roja.&nbsp; Oaxaca, Oax., a 1 de octubre de 2025.-&nbsp;La Fiscal\u00eda General del&hellip;<\/p>\n","protected":false},"author":2,"featured_media":85288,"comment_status":"closed","ping_status":"open","sticky":false,"template":"","format":"standard","meta":{"_lmt_disableupdate":"","_lmt_disable":"","_jetpack_memberships_contains_paid_content":false,"footnotes":""},"categories":[109,51],"tags":[4473],"class_list":["post-85289","post","type-post","status-publish","format-standard","has-post-thumbnail","hentry","category-minuto-a-minuto","category-zona-roja","tag-santa-maria-texcatitlan"],"jetpack_featured_media_url":"https:\/\/zonaroja.com.mx\/wp-content\/uploads\/2025\/10\/80c1af8f-d1f4-4627-8631-baa32e95996b.jpg","jetpack_sharing_enabled":true,"_links":{"self":[{"href":"https:\/\/zonaroja.com.mx\/index.php?rest_route=\/wp\/v2\/posts\/85289","targetHints":{"allow":["GET"]}}],"collection":[{"href":"https:\/\/zonaroja.com.mx\/index.php?rest_route=\/wp\/v2\/posts"}],"about":[{"href":"https:\/\/zonaroja.com.mx\/index.php?rest_route=\/wp\/v2\/types\/post"}],"author":[{"embeddable":true,"href":"https:\/\/zonaroja.com.mx\/index.php?rest_route=\/wp\/v2\/users\/2"}],"replies":[{"embeddable":true,"href":"https:\/\/zonaroja.com.mx\/index.php?rest_route=%2Fwp%2Fv2%2Fcomments&post=85289"}],"version-history":[{"count":1,"href":"https:\/\/zonaroja.com.mx\/index.php?rest_route=\/wp\/v2\/posts\/85289\/revisions"}],"predecessor-version":[{"id":85290,"href":"https:\/\/zonaroja.com.mx\/index.php?rest_route=\/wp\/v2\/posts\/85289\/revisions\/85290"}],"wp:featuredmedia":[{"embeddable":true,"href":"https:\/\/zonaroja.com.mx\/index.php?rest_route=\/wp\/v2\/media\/85288"}],"wp:attachment":[{"href":"https:\/\/zonaroja.com.mx\/index.php?rest_route=%2Fwp%2Fv2%2Fmedia&parent=85289"}],"wp:term":[{"taxonomy":"category","embeddable":true,"href":"https:\/\/zonaroja.com.mx\/index.php?rest_route=%2Fwp%2Fv2%2Fcategories&post=85289"},{"taxonomy":"post_tag","embeddable":true,"href":"https:\/\/zonaroja.com.mx\/index.php?rest_route=%2Fwp%2Fv2%2Ftags&post=85289"}],"curies":[{"name":"wp","href":"https:\/\/api.w.org\/{rel}","templated":true}]}}