{"id":8529,"date":"2020-02-07T18:05:56","date_gmt":"2020-02-08T00:05:56","guid":{"rendered":"http:\/\/www.zonaroja.com.mx\/?p=8529"},"modified":"2020-02-07T18:05:59","modified_gmt":"2020-02-08T00:05:59","slug":"presunto-capo-de-los-zetas-se-refugiaba-en-la-capital-de-oaxaca-lo-atrapa-sspo","status":"publish","type":"post","link":"https:\/\/zonaroja.com.mx\/?p=8529","title":{"rendered":"Presunto capo de \u201cLos Zetas\u201d se refugiaba en la capital de Oaxaca; lo atrapa SSPO"},"content":{"rendered":"\n<p>Redacci\u00f3n\/Zona\nRoja.<\/p>\n\n\n\n<p>Oaxaca\nde Ju\u00e1rez, Oax., 7 de febrero de 2020.- En el coraz\u00f3n de la colonia Reforma de\nla ciudad de Oaxaca, cerca de unas oficinas de la Secretar\u00eda de Seguridad\nP\u00fablica estatal, se refugiaba un presunto l\u00edder de \u201cLos Zetas\u201d a nivel\nregional.<\/p>\n\n\n\n<p>En\nese domicilio &#8211;uno de los tres que ten\u00eda en la capital y zona coburbada&#8211; fue atrapado\nJos\u00e9 Carmen \u201cN\u201d, alias \u201cEl Concha\u201d, el pasado 30 de enero y ayer fue vinculado\na proceso por un juez federal.<\/p>\n\n\n\n<p>De\nacuerdo con datos de la Secretar\u00eda de Seguridad P\u00fablica de Oaxaca (SSPO), luego\nde refugiarse en el estado, en donde continuaba con sus actividades delictivas\nde trasiego de drogas entre otros delitos y, ante un intenso trabajo de\ningenier\u00eda coordinada en materia de seguridad, implementado por el secretario\nErnesto Salcedo Rosales, se logr\u00f3 la detenci\u00f3n de este peligroso sujeto.<\/p>\n\n\n\n<p>\u201cEl Concha\u201d es uno de los presuntos responsables de la masacre ocurrida en Minatitl\u00e1n, Veracruz, el pasado 19 de abril de 2019, en donde los grupos del C\u00e1rtel Jalisco Nueva Generaci\u00f3n y \u201cLos Zetas\u201d se disputaban la plaza y, en el que murieron 14 personas; entre mujeres, ancianos y un menor de edad. <\/p>\n\n\n\n<figure class=\"wp-block-embed-twitter wp-block-embed is-type-rich is-provider-twitter\"><div class=\"wp-block-embed__wrapper\">\n<div class=\"twitter-tweet\"><blockquote class=\"twitter-tweet\" data-lang=\"es\"><p lang=\"es\" dir=\"ltr\"><a href=\"https:\/\/twitter.com\/hashtag\/%C3%9AltimaHora?src=hash&amp;ref_src=twsrc%5Etfw\">#\u00daltimaHora<\/a><br>Reporta la <a href=\"https:\/\/twitter.com\/SSP_GobOax?ref_src=twsrc%5Etfw\">@SSP_GobOax<\/a> la detenci\u00f3n de un presunto l\u00edder del c\u00e1rtel de los Z en Veracruz y Oaxaca. Anteayer fue vinculado a proceso, informa a trav\u00e9s de un video. <a href=\"https:\/\/t.co\/z2qvuCi2PE\">pic.twitter.com\/z2qvuCi2PE<\/a><\/p>&mdash; Zona Roja Oaxaca (@MexRoja) <a href=\"https:\/\/twitter.com\/MexRoja\/status\/1225915448924962817?ref_src=twsrc%5Etfw\">7 de febrero de 2020<\/a><\/blockquote><\/div>\n<\/div><\/figure>\n\n\n\n<p>Todos\nellos fueron asesinados con extrema violencia producto de esa disputa por el\nterritorio; Jos\u00e9 Carmen \u201cEl Concha\u201d ha sido presuntamente se\u00f1alado como uno de\nlos responsables de la masacre y quien cuenta con antecedentes delictivos por\nm\u00e1s de 10 a\u00f1os.<\/p>\n\n\n\n<p>Seg\u00fan\nSalcedo Rosales, la detenci\u00f3n es resultado del trabajo de investigaci\u00f3n,\nseguimiento e inteligencia a lo largo de varios meses para lograr primero su\ndetecci\u00f3n, sus actividades criminales y posteriormente su aprehensi\u00f3n por\nfuerza policiacas estatales. <\/p>\n\n\n\n<p>Luego\ndel seguimiento se logr\u00f3 su ubicaci\u00f3n definitiva, posterior detenci\u00f3n y\nponi\u00e9ndolo a disposici\u00f3n del fuero federal.<\/p>\n\n\n\n<p>El\nfuncionario estatal a\u00f1adi\u00f3 que se continuar\u00e1 con el esfuerzo no s\u00f3lo en el\ncombate a la delincuencia sino en el hecho de brindar una mayor seguridad para\nlas y los oaxaque\u00f1os, por lo que no se bajar\u00e1 la guardia para mantener la paz y\nel orden en la entidad.<\/p>\n\n\n\n<p>Con\nrespecto a Jos\u00e9 Carmen alias \u201cEl Concha\u201d es importante recalcar que al parecer\nera el l\u00edder de \u201cLos Zetas\u201d en el sur de Veracruz; operaba en comunidades como\nAcayucan, Soconusco, Minatitl\u00e1n, y Coatzacoalcos entre otros; as\u00ed como en el\nsur del estado de Oaxaca.<\/p>\n\n\n\n<p>En\nel a\u00f1o 2012 fue detenido luego por el secuestro de un dirigente de un partido\npol\u00edtico en el municipio de Minatitl\u00e1n. Debido a la falta de integraci\u00f3n de la\naveriguaci\u00f3n \u201cEl Concha\u201d fue puesto en libertad tres a\u00f1os despu\u00e9s.<\/p>\n\n\n\n<p>De\nigual forma, hay indicios que lo vinculan con el \u201chuachicoleo\u201d en aquella\nregi\u00f3n veracruzana e incluso se supo de actividades il\u00edcitas en algunos\nmunicipios del territorio oaxaque\u00f1o, en donde fue capturado.<\/p>\n","protected":false},"excerpt":{"rendered":"<p>Redacci\u00f3n\/Zona Roja. Oaxaca de Ju\u00e1rez, Oax., 7 de febrero de 2020.- En el coraz\u00f3n de&hellip;<\/p>\n","protected":false},"author":2,"featured_media":8530,"comment_status":"closed","ping_status":"open","sticky":false,"template":"","format":"standard","meta":{"_lmt_disableupdate":"","_lmt_disable":"","_jetpack_memberships_contains_paid_content":false,"footnotes":""},"categories":[109,51],"tags":[1349],"class_list":["post-8529","post","type-post","status-publish","format-standard","has-post-thumbnail","hentry","category-minuto-a-minuto","category-zona-roja","tag-jose-carmen-el-concha"],"jetpack_featured_media_url":"https:\/\/zonaroja.com.mx\/wp-content\/uploads\/2020\/02\/Jos\u00e9-Carmen-El-concha.jpg","jetpack_sharing_enabled":true,"_links":{"self":[{"href":"https:\/\/zonaroja.com.mx\/index.php?rest_route=\/wp\/v2\/posts\/8529","targetHints":{"allow":["GET"]}}],"collection":[{"href":"https:\/\/zonaroja.com.mx\/index.php?rest_route=\/wp\/v2\/posts"}],"about":[{"href":"https:\/\/zonaroja.com.mx\/index.php?rest_route=\/wp\/v2\/types\/post"}],"author":[{"embeddable":true,"href":"https:\/\/zonaroja.com.mx\/index.php?rest_route=\/wp\/v2\/users\/2"}],"replies":[{"embeddable":true,"href":"https:\/\/zonaroja.com.mx\/index.php?rest_route=%2Fwp%2Fv2%2Fcomments&post=8529"}],"version-history":[{"count":1,"href":"https:\/\/zonaroja.com.mx\/index.php?rest_route=\/wp\/v2\/posts\/8529\/revisions"}],"predecessor-version":[{"id":8531,"href":"https:\/\/zonaroja.com.mx\/index.php?rest_route=\/wp\/v2\/posts\/8529\/revisions\/8531"}],"wp:featuredmedia":[{"embeddable":true,"href":"https:\/\/zonaroja.com.mx\/index.php?rest_route=\/wp\/v2\/media\/8530"}],"wp:attachment":[{"href":"https:\/\/zonaroja.com.mx\/index.php?rest_route=%2Fwp%2Fv2%2Fmedia&parent=8529"}],"wp:term":[{"taxonomy":"category","embeddable":true,"href":"https:\/\/zonaroja.com.mx\/index.php?rest_route=%2Fwp%2Fv2%2Fcategories&post=8529"},{"taxonomy":"post_tag","embeddable":true,"href":"https:\/\/zonaroja.com.mx\/index.php?rest_route=%2Fwp%2Fv2%2Ftags&post=8529"}],"curies":[{"name":"wp","href":"https:\/\/api.w.org\/{rel}","templated":true}]}}