{"id":85300,"date":"2025-10-01T20:49:12","date_gmt":"2025-10-02T02:49:12","guid":{"rendered":"https:\/\/zonaroja.com.mx\/?p=85300"},"modified":"2025-10-01T20:49:15","modified_gmt":"2025-10-02T02:49:15","slug":"ante-la-justicia-siete-detenidos-entre-ellos-dirigente-de-la-fnic","status":"publish","type":"post","link":"https:\/\/zonaroja.com.mx\/?p=85300","title":{"rendered":"Ante la justicia, siete detenidos, entre ellos dirigente de la FNIC"},"content":{"rendered":"\n<p>Raymundo Morales\/Zona Roja.<\/p>\n\n\n\n<p>Oaxaca, Oax., a 1 de octubre de 2025.- La Fiscal\u00eda General del Estado de Oaxaca (FGEO) confirm\u00f3 la detenci\u00f3n de siete personas ayer en Huajuapan de Le\u00f3n, integrantes del Frente Ind\u00edgena Nacional Campesino (FNIC), se\u00f1aladas de haber participado del desalojo violento de un domicilio.<\/p>\n\n\n\n<p>En un comunicado, detall\u00f3 que los hechos ocurrieron la ma\u00f1ana de este martes, 30 de septiembre, cuando un elemento de la polic\u00eda municipal de Huajuapan de Le\u00f3n report\u00f3 que un grupo de personas encapuchadas, lideradas por un hombre identificado como E.C.G., intentaba ingresar por la fuerza a una vivienda.<\/p>\n\n\n\n<p>Los agresores, armados con palos y machetes, rompieron candados de un local comercial que daba acceso al domicilio localizado en el centro de Huajuapan, en la regi\u00f3n de la Mixteca y tomaron posesi\u00f3n parcial del lugar.<\/p>\n\n\n\n<p>Tras ello, elementos de la Agencia Estatal de Investigaciones y de la Polic\u00eda Municipal&nbsp; detuvieron a siete personas identificadas como: J.C.L.C., J.M.D.C., M.H.H., J.R.C., J.C.H.H. y G.R.H., adem\u00e1s del supuesto l\u00edder de iniciales E.C.G., quienes quedaron a disposici\u00f3n de la autoridad correspondiente para que se determine su situaci\u00f3n jur\u00eddica.<\/p>\n\n\n\n<p>Por estos hechos, la Fiscal\u00eda inici\u00f3 la investigaci\u00f3n correspondiente a trav\u00e9s de la Vicefiscal\u00eda Regional de la Mixteca, instancia que realiza las primeras diligencias, adem\u00e1s se\u00f1al\u00f3 que existen antecedentes de violencia familiar y patrimonial en torno al caso por el que hay un litigio sobre la posesi\u00f3n del bien inmueble.<\/p>\n\n\n\n<p>Por las detenciones, entre ellas la del dirigente del FNIC, sus militantes bloquearon ayer por varias horas la supercarretera Oaxaca-Cuacnopalan, a la altura de Asunci\u00f3n Nochixtl\u00e1n; pese a ello, las siete personas fueron presentadas ante el Ministerio P\u00fablico.<\/p>\n","protected":false},"excerpt":{"rendered":"<p>Raymundo Morales\/Zona Roja. Oaxaca, Oax., a 1 de octubre de 2025.- La Fiscal\u00eda General del&hellip;<\/p>\n","protected":false},"author":2,"featured_media":85301,"comment_status":"closed","ping_status":"open","sticky":false,"template":"","format":"standard","meta":{"_lmt_disableupdate":"","_lmt_disable":"","_jetpack_memberships_contains_paid_content":false,"footnotes":""},"categories":[109,47],"tags":[3499,594],"class_list":["post-85300","post","type-post","status-publish","format-standard","has-post-thumbnail","hentry","category-minuto-a-minuto","category-zona-gris","tag-frente-nacional-indigena-y-campesino-fnic","tag-huajuapan-de-leon"],"jetpack_featured_media_url":"https:\/\/zonaroja.com.mx\/wp-content\/uploads\/2025\/10\/Detenidos-FNIC-Huajuapan.jpeg","jetpack_sharing_enabled":true,"_links":{"self":[{"href":"https:\/\/zonaroja.com.mx\/index.php?rest_route=\/wp\/v2\/posts\/85300","targetHints":{"allow":["GET"]}}],"collection":[{"href":"https:\/\/zonaroja.com.mx\/index.php?rest_route=\/wp\/v2\/posts"}],"about":[{"href":"https:\/\/zonaroja.com.mx\/index.php?rest_route=\/wp\/v2\/types\/post"}],"author":[{"embeddable":true,"href":"https:\/\/zonaroja.com.mx\/index.php?rest_route=\/wp\/v2\/users\/2"}],"replies":[{"embeddable":true,"href":"https:\/\/zonaroja.com.mx\/index.php?rest_route=%2Fwp%2Fv2%2Fcomments&post=85300"}],"version-history":[{"count":1,"href":"https:\/\/zonaroja.com.mx\/index.php?rest_route=\/wp\/v2\/posts\/85300\/revisions"}],"predecessor-version":[{"id":85302,"href":"https:\/\/zonaroja.com.mx\/index.php?rest_route=\/wp\/v2\/posts\/85300\/revisions\/85302"}],"wp:featuredmedia":[{"embeddable":true,"href":"https:\/\/zonaroja.com.mx\/index.php?rest_route=\/wp\/v2\/media\/85301"}],"wp:attachment":[{"href":"https:\/\/zonaroja.com.mx\/index.php?rest_route=%2Fwp%2Fv2%2Fmedia&parent=85300"}],"wp:term":[{"taxonomy":"category","embeddable":true,"href":"https:\/\/zonaroja.com.mx\/index.php?rest_route=%2Fwp%2Fv2%2Fcategories&post=85300"},{"taxonomy":"post_tag","embeddable":true,"href":"https:\/\/zonaroja.com.mx\/index.php?rest_route=%2Fwp%2Fv2%2Ftags&post=85300"}],"curies":[{"name":"wp","href":"https:\/\/api.w.org\/{rel}","templated":true}]}}