{"id":85303,"date":"2025-10-01T22:11:26","date_gmt":"2025-10-02T04:11:26","guid":{"rendered":"https:\/\/zonaroja.com.mx\/?p=85303"},"modified":"2025-10-01T22:11:31","modified_gmt":"2025-10-02T04:11:31","slug":"a-la-tragedia-en-amoltepec-suman-desatencion-oficial","status":"publish","type":"post","link":"https:\/\/zonaroja.com.mx\/?p=85303","title":{"rendered":"A la tragedia en Amoltepec, suman desatenci\u00f3n oficial"},"content":{"rendered":"\n<p>Raymundo Morales\/Zona Roja.<\/p>\n\n\n\n<p>Oaxaca, Oax., a 1 de octubre de 2024.- Luego de tres citas canceladas de manera unilateral por parte del gobierno, un grupo de pobladores de Santiago Amoltepec arrib\u00f3 a la ciudad de Oaxaca para buscar a los funcionarios de la Secretar\u00eda de Gobierno.<\/p>\n\n\n\n<p>Les hab\u00edan asegurado que los atender\u00edan en el transcurso de la ma\u00f1ana, por lo cual desde ayer viajaron de su comunidad, por unas 10 horas; sin embargo, al llegar a la ciudad, los hicieron esperar durante todo el d\u00eda.<\/p>\n\n\n\n<p>Por la tarde-noche, al ver que no eran recibidos, bloquearon los accesos al Palacio de Gobierno; en respuesta, un grupo de funcionarios y trabajadores los retiraron a empujones, para permitir la salida de bur\u00f3cratas.<\/p>\n\n\n\n<p>Hasta esta noche, no se ha confirmado si finalmente fueron recibidos los habitantes, entre ellos familiares de las v\u00edctimas fatales de los hechos ocurridos el pasado 15 y 16 de septiembre.<\/p>\n\n\n\n<p>Al mediod\u00eda, una de las afectadas, Silvia Santiago Velasco, concedi\u00f3 entrevistas a los medios de comunicaci\u00f3n, en que confirm\u00f3 que en tres ocasiones les hab\u00edan cancelado la cita y esperaban que hoy s\u00ed fueran atendidos.<\/p>\n\n\n\n<p>Record\u00f3 que el pasado 15 de septiembre se rompi\u00f3 el acuerdo de paz entre Santiago Amoltepec y Santa Mar\u00eda Zaniza en la disputa agraria de alrededor de dos mil 500 hect\u00e1reas, cuando un grupo armado en el que participaron autoridades municipales y agrarias de Zaniza secuestraron a una persona adulta mayor de Amoltepec identificado como Jos\u00e9 Santiago Rodr\u00edguez, quien apareci\u00f3 muerto tres d\u00edas despu\u00e9s con un disparo de arma de fuego y signos de tortura.&nbsp;<\/p>\n\n\n\n<p>Cuando los pobladores de Amoltepec fueron emboscados en el momento en que realizaban labores de b\u00fasqueda de Santiago, muri\u00f3 Guadalupe Mata y resultaron con heridas de bala Felipe Yesca Ram\u00edrez y Pablo Roque.<\/p>\n\n\n\n<p>Silvia Santiago, hija de Jos\u00e9 Santiago, denunci\u00f3 que hasta el momento no han tenido ninguna respuesta del gobierno del estado ni de la Fiscal\u00eda General de Oaxaca para castigar a los responsables de est\u00e1s agresiones armadas, y tampoco como familiares de las v\u00edctimas han recibido alg\u00fan tipo de apoyo.&nbsp;<\/p>\n\n\n\n<p>Denunci\u00f3 que los alimentos en Santiago Amoltepec empiezan a escasear por el bloqueo carretero que mantiene la comunidad de Zaniza que impide que ingresen los camiones de empresas distribuidoras de alimentos o vendedores, y que contin\u00faa la suspensi\u00f3n de las actividades educativas y de los servicios de salud en la poblaci\u00f3n.<\/p>\n\n\n\n<p>A esto se suma, que contin\u00faan suspendidas las clases por el bloqueo carretero al principal acceso a la comunidad de Santiago Amoltepec y no hay ninguna acci\u00f3n en contra de los responsables de este ataque.<\/p>\n","protected":false},"excerpt":{"rendered":"<p>Raymundo Morales\/Zona Roja. Oaxaca, Oax., a 1 de octubre de 2024.- Luego de tres citas&hellip;<\/p>\n","protected":false},"author":2,"featured_media":85304,"comment_status":"closed","ping_status":"open","sticky":false,"template":"","format":"standard","meta":{"_lmt_disableupdate":"","_lmt_disable":"","_jetpack_memberships_contains_paid_content":false,"footnotes":""},"categories":[109,47],"tags":[860],"class_list":["post-85303","post","type-post","status-publish","format-standard","has-post-thumbnail","hentry","category-minuto-a-minuto","category-zona-gris","tag-santiago-amoltepec"],"jetpack_featured_media_url":"https:\/\/zonaroja.com.mx\/wp-content\/uploads\/2025\/10\/Protesta-Amoltepec-en-Oaxaca.jpg","jetpack_sharing_enabled":true,"_links":{"self":[{"href":"https:\/\/zonaroja.com.mx\/index.php?rest_route=\/wp\/v2\/posts\/85303","targetHints":{"allow":["GET"]}}],"collection":[{"href":"https:\/\/zonaroja.com.mx\/index.php?rest_route=\/wp\/v2\/posts"}],"about":[{"href":"https:\/\/zonaroja.com.mx\/index.php?rest_route=\/wp\/v2\/types\/post"}],"author":[{"embeddable":true,"href":"https:\/\/zonaroja.com.mx\/index.php?rest_route=\/wp\/v2\/users\/2"}],"replies":[{"embeddable":true,"href":"https:\/\/zonaroja.com.mx\/index.php?rest_route=%2Fwp%2Fv2%2Fcomments&post=85303"}],"version-history":[{"count":1,"href":"https:\/\/zonaroja.com.mx\/index.php?rest_route=\/wp\/v2\/posts\/85303\/revisions"}],"predecessor-version":[{"id":85305,"href":"https:\/\/zonaroja.com.mx\/index.php?rest_route=\/wp\/v2\/posts\/85303\/revisions\/85305"}],"wp:featuredmedia":[{"embeddable":true,"href":"https:\/\/zonaroja.com.mx\/index.php?rest_route=\/wp\/v2\/media\/85304"}],"wp:attachment":[{"href":"https:\/\/zonaroja.com.mx\/index.php?rest_route=%2Fwp%2Fv2%2Fmedia&parent=85303"}],"wp:term":[{"taxonomy":"category","embeddable":true,"href":"https:\/\/zonaroja.com.mx\/index.php?rest_route=%2Fwp%2Fv2%2Fcategories&post=85303"},{"taxonomy":"post_tag","embeddable":true,"href":"https:\/\/zonaroja.com.mx\/index.php?rest_route=%2Fwp%2Fv2%2Ftags&post=85303"}],"curies":[{"name":"wp","href":"https:\/\/api.w.org\/{rel}","templated":true}]}}