{"id":85306,"date":"2025-10-02T07:15:00","date_gmt":"2025-10-02T13:15:00","guid":{"rendered":"https:\/\/zonaroja.com.mx\/?p=85306"},"modified":"2025-10-02T06:26:24","modified_gmt":"2025-10-02T12:26:24","slug":"sentencian-en-total-a-130-anos-de-prision-a-dos-secuestradores-en-oaxaca","status":"publish","type":"post","link":"https:\/\/zonaroja.com.mx\/?p=85306","title":{"rendered":"Sentencian en total a 130 a\u00f1os de prisi\u00f3n a dos secuestradores en Oaxaca"},"content":{"rendered":"\n<p>Redacci\u00f3n\/Zona Roja.&nbsp;<\/p>\n\n\n\n<p>Oaxaca, Oax., a 2 de octubre de 2025.- &nbsp;La Fiscal\u00eda General del Estado de Oaxaca (FGEO) obtuvo una sentencia&nbsp; de 65 a\u00f1os de prisi\u00f3n en contra de dos personas del sexo masculino, una de ellas identificada como Gerardo G. F. alias \u201cEl Don\u201d y la otra identificada como Juli\u00e1n R. B.&nbsp; alias \u201cEl Oaxaco\u201d, por el delito de secuestro.<\/p>\n\n\n\n<p>De acuerdo con el expediente penal, los hechos ocurrieron en julio de 2013, cuando la v\u00edctima, una mujer que se encontraba en compa\u00f1\u00eda de su esposo, fue interceptada por los imputados en el paraje San Pedro Trinidad de Viguera.<\/p>\n\n\n\n<p>En el lugar, los agresores lesionaron al esposo y privaron de la libertad a la mujer, a quien mantuvieron en cautiverio mientras exig\u00edan a sus familiares el pago de una fuerte suma de dinero en efectivo para liberarla.<\/p>\n\n\n\n<p>Tras estos hechos, la Fiscal\u00eda de Oaxaca tom\u00f3 conocimiento del caso e inici\u00f3 las investigaciones ministeriales correspondientes a trav\u00e9s de la Vicefiscal\u00eda General de Control Regional que despleg\u00f3 un equipo especializado, lo que permiti\u00f3 obtener y ejecutar una orden de aprehensi\u00f3n en contra de Gerardo G.F. alias \u201cEl Don\u201d y la otra identificada como Juli\u00e1n R. B.&nbsp; alias \u201cEl Oaxaco\u201d.<\/p>\n\n\n\n<p>Una vez detenidos, Gerardo G.F. alias \u201cEl Don\u201d y Juli\u00e1n R. B. alias \u201cEl Oaxaco\u201d, fueron puestos a disposici\u00f3n del Juez de la causa que, tras evaluar los datos de prueba aportados por la Fiscal\u00eda de Oaxaca dict\u00f3 sentencia condenatoria de 65 a\u00f1os de prisi\u00f3n para cada uno de los responsables de la comisi\u00f3n del delito de secuestro.<\/p>\n\n\n\n<p>OTRA SENTENCIA<\/p>\n\n\n\n<p>En otro caso, la Fiscal\u00eda General obtuvo una sentencia condenatoria de 17 a\u00f1os de prisi\u00f3n en contra de una persona del sexo masculino identificada como Alberto C.J., por su responsabilidad en la comisi\u00f3n del delito de violaci\u00f3n cometido en agravio de una menor de edad, cometido en la regi\u00f3n de la Sierra Sur.<\/p>\n\n\n\n<p>Los hechos ocurrieron el 3 de mayo de 2023, cuando la v\u00edctima -cuya identidad est\u00e1 reservada por ley- caminaba rumbo a su domicilio ubicado en el barrio La Pur\u00edsima Concepci\u00f3n, perteneciente a San Francisco Sola de Vega.<\/p>\n\n\n\n<p>La investigaci\u00f3n detalla que, en ese lugar, el sentenciado -quien viajaba a bordo de un mototaxi- la intercept\u00f3 y con enga\u00f1os la subi\u00f3 a la unidad de motor, para despu\u00e9s llevarla rumbo a la presa de la misma comunidad, lugar solitario donde la atac\u00f3 sexualmente.<\/p>\n\n\n\n<p>Luego que la Fiscal\u00eda de Oaxaca recibi\u00f3 la denuncia correspondiente, se iniciaron las investigaciones ministeriales con perspectiva de g\u00e9nero a trav\u00e9s de la Vicefiscal\u00eda Regional de Valles Centrales que recab\u00f3 indicios que permitieron obtener una orden de aprehensi\u00f3n en contra de Alberto C.J., quien fue localizado y detenido por elementos de la Agencia Estatal de Investigaciones (AEI).<\/p>\n\n\n\n<p>Gracias a los resultados aportados por la FGEO derivado del trabajo multidisciplinario, la autoridad judicial tuvo los elementos suficientes para dictar sentencia condenatoria de 17 a\u00f1os de prisi\u00f3n en contra de Alberto C.J., por su responsabilidad en el delito de violaci\u00f3n adem\u00e1s de imponerle el pago de una multa econ\u00f3mica y el pago por concepto de reparaci\u00f3n del da\u00f1o en abstracto.<\/p>\n\n\n\n<p>FRAUDE CON VEH\u00cdCULO<\/p>\n\n\n\n<p>Por otra parte, la Fiscal\u00eda General obtuvo una sentencia condenatoria de seis a\u00f1os de prisi\u00f3n contra un hombre identificado como Andoni Balder A.M., responsable del delito de fraude gen\u00e9rico bajo el esquema de venta falsa de una camioneta, hecho cometido en la ciudad de Oaxaca.<\/p>\n\n\n\n<p>Las indagatorias revelan que, el d\u00eda 15 de julio de 2014, Andoni Balder A.M. enganch\u00f3 bajo enga\u00f1os la futura venta de una camioneta por la cantidad de 95 mil pesos a una mujer identificada como D.C.C.<\/p>\n\n\n\n<p>Posteriormente, el 07 de agosto de 2014, la v\u00edctima realiz\u00f3 el pago acordado en un domicilio ubicado en la calle Primera Privada de la Avenida M\u00e9xico 68 de la colonia Ol\u00edmpica, posteriormente tendr\u00edan que esperar un plazo para la entrega del veh\u00edculo. Sin embargo, se cumpli\u00f3 el plazo y nunca le entregaron la camioneta, tampoco devolvi\u00f3 el dinero.<\/p>\n\n\n\n<p>Luego que la FGEO tom\u00f3 conocimiento del caso a trav\u00e9s de la denuncia interpuesta, inici\u00f3 una exhaustiva investigaci\u00f3n a trav\u00e9s de la Vicefiscal\u00eda General de Control Regional que logr\u00f3 obtener de un juez una orden de aprehensi\u00f3n contra Andoni Balder A.M., para posteriormente presentarlo ante la autoridad judicial.<\/p>\n\n\n\n<p>En audiencia y tras el desahogo de pruebas aportadas por la FGEO, el juez que atiende la causa resolvi\u00f3 el caso y dict\u00f3 sentencia condenatoria de seis a\u00f1os de prisi\u00f3n en contra de Andoni Balder A.M., por su responsabilidad en la comisi\u00f3n del delito de fraude gen\u00e9rico y conforme al dictamen de aval\u00fao del veh\u00edculo impuso el pago de la reparaci\u00f3n del da\u00f1o y una multa econ\u00f3mica.<\/p>\n","protected":false},"excerpt":{"rendered":"<p>Redacci\u00f3n\/Zona Roja.&nbsp; Oaxaca, Oax., a 2 de octubre de 2025.- &nbsp;La Fiscal\u00eda General del Estado&hellip;<\/p>\n","protected":false},"author":2,"featured_media":65985,"comment_status":"closed","ping_status":"open","sticky":false,"template":"","format":"standard","meta":{"_lmt_disableupdate":"","_lmt_disable":"","_jetpack_memberships_contains_paid_content":false,"footnotes":""},"categories":[109,46],"tags":[494],"class_list":["post-85306","post","type-post","status-publish","format-standard","has-post-thumbnail","hentry","category-minuto-a-minuto","category-zona-blanca","tag-fiscalia-general-del-estado-de-oaxaca"],"jetpack_featured_media_url":"https:\/\/zonaroja.com.mx\/wp-content\/uploads\/2024\/03\/Justicia-sentencia-juez.jpeg","jetpack_sharing_enabled":true,"_links":{"self":[{"href":"https:\/\/zonaroja.com.mx\/index.php?rest_route=\/wp\/v2\/posts\/85306","targetHints":{"allow":["GET"]}}],"collection":[{"href":"https:\/\/zonaroja.com.mx\/index.php?rest_route=\/wp\/v2\/posts"}],"about":[{"href":"https:\/\/zonaroja.com.mx\/index.php?rest_route=\/wp\/v2\/types\/post"}],"author":[{"embeddable":true,"href":"https:\/\/zonaroja.com.mx\/index.php?rest_route=\/wp\/v2\/users\/2"}],"replies":[{"embeddable":true,"href":"https:\/\/zonaroja.com.mx\/index.php?rest_route=%2Fwp%2Fv2%2Fcomments&post=85306"}],"version-history":[{"count":1,"href":"https:\/\/zonaroja.com.mx\/index.php?rest_route=\/wp\/v2\/posts\/85306\/revisions"}],"predecessor-version":[{"id":85307,"href":"https:\/\/zonaroja.com.mx\/index.php?rest_route=\/wp\/v2\/posts\/85306\/revisions\/85307"}],"wp:featuredmedia":[{"embeddable":true,"href":"https:\/\/zonaroja.com.mx\/index.php?rest_route=\/wp\/v2\/media\/65985"}],"wp:attachment":[{"href":"https:\/\/zonaroja.com.mx\/index.php?rest_route=%2Fwp%2Fv2%2Fmedia&parent=85306"}],"wp:term":[{"taxonomy":"category","embeddable":true,"href":"https:\/\/zonaroja.com.mx\/index.php?rest_route=%2Fwp%2Fv2%2Fcategories&post=85306"},{"taxonomy":"post_tag","embeddable":true,"href":"https:\/\/zonaroja.com.mx\/index.php?rest_route=%2Fwp%2Fv2%2Ftags&post=85306"}],"curies":[{"name":"wp","href":"https:\/\/api.w.org\/{rel}","templated":true}]}}