{"id":85308,"date":"2025-10-02T08:15:00","date_gmt":"2025-10-02T14:15:00","guid":{"rendered":"https:\/\/zonaroja.com.mx\/?p=85308"},"modified":"2025-10-02T06:49:06","modified_gmt":"2025-10-02T12:49:06","slug":"lanzan-concurso-musical-para-impulsar-a-mujeres-de-oaxaca","status":"publish","type":"post","link":"https:\/\/zonaroja.com.mx\/?p=85308","title":{"rendered":"Lanzan concurso musical para impulsar a mujeres de Oaxaca\u00a0"},"content":{"rendered":"\n<p>Lisbeth Mej\u00eda Reyes\/Zona Roja.<\/p>\n\n\n\n<p>Oaxaca, Oax., a 2 de octubre de 2025.- Las mujeres m\u00fasicas de Oaxaca han trabajado por tener una participaci\u00f3n casi igualitaria, sin embargo, a\u00fan enfrentan retos basados en los estereotipos de g\u00e9nero, en la discriminaci\u00f3n y la estigmatizaci\u00f3n.&nbsp;<\/p>\n\n\n\n<p>\u00abNo se ve igual a una mujer que se va a la gozona tres o cuatro d\u00edas que a un var\u00f3n&#8230; Pero eso se est\u00e1 rompiendo y lo est\u00e1n rompiendo las propias mujeres\u00bb, se\u00f1al\u00f3 este mi\u00e9rcoles el secretario de las Culturas y Artes, Flavio Sosa Villavicencio, al anunciar el Concurso Ensamble Mujeres del Viento, que organiza la dependencia en colaboraci\u00f3n con la empresa Yamaha M\u00e9xico.<\/p>\n\n\n\n<p>\u00abEl talento de las oaxaque\u00f1as no est\u00e1 a discusi\u00f3n, pero necesitamos que mucha gente lo conozca y este es un muy buen momento, un gran escaparate\u00bb, expuso el funcionario al dar a conocer la convocatoria que abri\u00f3 el pasado 26 de septiembre y que cerrar\u00e1 inscripciones el pr\u00f3ximo 20 de octubre.<\/p>\n\n\n\n<p>Con una bolsa de 100 mil pesos en premios, adem\u00e1s de otros est\u00edmulos, este concurso busca impulsar a las m\u00fasicas oaxaque\u00f1as, quienes podr\u00e1n participar a trav\u00e9s de ensambles musicales integrados en su totalidad por mujeres o en su mayor\u00eda (80 por ciento).<\/p>\n\n\n\n<p>El certamen tendr\u00e1 dos fases, una virtual y otra presencial. Los premios ser\u00e1n para los tres primeros lugares, que recibir\u00e1n 50 mil, 30 mil y 20 mil pesos, respectivamente. Adem\u00e1s de otros est\u00edmulos y un reconocimiento. Los detalles de la convocatoria se pueden consultar en las redes sociales de la Secretar\u00eda de las Culturas y Artes de Oaxaca y de Yamaha M\u00e9xico.<\/p>\n\n\n\n<p>Jimena Gonz\u00e1lez Constantino, especialista de banda y orquesta de Yamaha M\u00e9xico, se\u00f1al\u00f3 que este concurso es una plataforma muy importante que puede ayudar a impulsar a las bandas de las comunidades.<\/p>\n\n\n\n<p>Por su parte, Jes\u00fas Rodr\u00edguez Gonz\u00e1lez, representante legal de Yamaha, explic\u00f3 que la iniciativa se desprende del concurso She&#8217;s got the groove, nacida en M\u00e9xico y que se ha ampliado a Latinoam\u00e9rica.<\/p>\n\n\n\n<p>La convocatoria fue presentada por Sosa Villavicencio y representantes de Yamaha M\u00e9xico, as\u00ed como el director de la Orquesta Sinf\u00f3nica de Oaxaca, Faustino D\u00edaz, y la directora de la Biblioteca P\u00fablica Central, Argelia Aquino.<\/p>\n","protected":false},"excerpt":{"rendered":"<p>Lisbeth Mej\u00eda Reyes\/Zona Roja. Oaxaca, Oax., a 2 de octubre de 2025.- Las mujeres m\u00fasicas&hellip;<\/p>\n","protected":false},"author":2,"featured_media":85309,"comment_status":"closed","ping_status":"open","sticky":false,"template":"","format":"standard","meta":{"_lmt_disableupdate":"","_lmt_disable":"","_jetpack_memberships_contains_paid_content":false,"footnotes":""},"categories":[109,46],"tags":[685,3368],"class_list":["post-85308","post","type-post","status-publish","format-standard","has-post-thumbnail","hentry","category-minuto-a-minuto","category-zona-blanca","tag-flavio-sosa-villavicencio","tag-secretaria-de-las-culturas-seculta"],"jetpack_featured_media_url":"https:\/\/zonaroja.com.mx\/wp-content\/uploads\/2025\/10\/Conferencia-Seculta-Flavio-Sosa-Yamaha.jpg","jetpack_sharing_enabled":true,"_links":{"self":[{"href":"https:\/\/zonaroja.com.mx\/index.php?rest_route=\/wp\/v2\/posts\/85308","targetHints":{"allow":["GET"]}}],"collection":[{"href":"https:\/\/zonaroja.com.mx\/index.php?rest_route=\/wp\/v2\/posts"}],"about":[{"href":"https:\/\/zonaroja.com.mx\/index.php?rest_route=\/wp\/v2\/types\/post"}],"author":[{"embeddable":true,"href":"https:\/\/zonaroja.com.mx\/index.php?rest_route=\/wp\/v2\/users\/2"}],"replies":[{"embeddable":true,"href":"https:\/\/zonaroja.com.mx\/index.php?rest_route=%2Fwp%2Fv2%2Fcomments&post=85308"}],"version-history":[{"count":1,"href":"https:\/\/zonaroja.com.mx\/index.php?rest_route=\/wp\/v2\/posts\/85308\/revisions"}],"predecessor-version":[{"id":85310,"href":"https:\/\/zonaroja.com.mx\/index.php?rest_route=\/wp\/v2\/posts\/85308\/revisions\/85310"}],"wp:featuredmedia":[{"embeddable":true,"href":"https:\/\/zonaroja.com.mx\/index.php?rest_route=\/wp\/v2\/media\/85309"}],"wp:attachment":[{"href":"https:\/\/zonaroja.com.mx\/index.php?rest_route=%2Fwp%2Fv2%2Fmedia&parent=85308"}],"wp:term":[{"taxonomy":"category","embeddable":true,"href":"https:\/\/zonaroja.com.mx\/index.php?rest_route=%2Fwp%2Fv2%2Fcategories&post=85308"},{"taxonomy":"post_tag","embeddable":true,"href":"https:\/\/zonaroja.com.mx\/index.php?rest_route=%2Fwp%2Fv2%2Ftags&post=85308"}],"curies":[{"name":"wp","href":"https:\/\/api.w.org\/{rel}","templated":true}]}}