{"id":85311,"date":"2025-10-02T08:15:00","date_gmt":"2025-10-02T14:15:00","guid":{"rendered":"https:\/\/zonaroja.com.mx\/?p=85311"},"modified":"2025-10-02T07:45:20","modified_gmt":"2025-10-02T13:45:20","slug":"asesinan-a-un-individuo-en-la-supercarretera-oaxaca-cuacnopalan","status":"publish","type":"post","link":"https:\/\/zonaroja.com.mx\/?p=85311","title":{"rendered":"Asesinan a un individuo en la supercarretera Oaxaca-Cuacnopalan"},"content":{"rendered":"\n<p>Ismael Garc\u00eda M.\/Zona Roja.<\/p>\n\n\n\n<p>Oaxaca, Oax., a 2 de octubre de 2025.- Dos personas fueron atacadas a balazos anoche en la supercarretera Oaxaca-Cuacnopalan, a la altura del kil\u00f3metro 2025, una de las cuales perdi\u00f3 la vida.<\/p>\n\n\n\n<p>Las v\u00edctimas viajaban a bordo de un veh\u00edculo marca Volkswagen, tipo Jetta, color blanco, con placas de circulaci\u00f3n UDJ-356-A, cuando fueron agredidas por parte de sujetos desconocidos, presuntamente debido a un asalto.<\/p>\n\n\n\n<p>En el sitio perdi\u00f3 la vida un individuo identificado como Gregorio C. F., mientras que otra persona fue trasladada a un hospital.<\/p>\n\n\n\n<p>Personal de la Fiscal\u00eda General del Estado de Oaxaca termin\u00f3 la madrugada de hoy las diligencias y hasta el momento se desconoce el m\u00f3vil de la agresi\u00f3n armada.<\/p>\n\n\n\n<p>PROBABLE FEMINICIDIO<\/p>\n\n\n\n<p>Por otra parte, en Acatl\u00e1n de P\u00e9rez Figueroa, municipio de la regi\u00f3n Cuenca del estado, fue localizado el cuerpo sin vida de una mujer, en estado de putrefacci\u00f3n.<\/p>\n\n\n\n<p>El hallazgo ocurri\u00f3 ayer en un terreno bald\u00edo y, de acuerdo con el medio informativo \u201cEl Pi\u00f1ero\u201d, se trata de una adolescente, Paty O. M., de 14 a\u00f1os de edad, en situaci\u00f3n de vulnerabilidad.<\/p>\n\n\n\n<p>Hasta el momento se desconocen las causas del crimen y tampoco hay confirmaci\u00f3n oficial de este hecho.<\/p>\n","protected":false},"excerpt":{"rendered":"<p>Ismael Garc\u00eda M.\/Zona Roja. Oaxaca, Oax., a 2 de octubre de 2025.- Dos personas fueron&hellip;<\/p>\n","protected":false},"author":2,"featured_media":85312,"comment_status":"closed","ping_status":"open","sticky":false,"template":"","format":"standard","meta":{"_lmt_disableupdate":"","_lmt_disable":"","_jetpack_memberships_contains_paid_content":false,"footnotes":""},"categories":[109,51],"tags":[676],"class_list":["post-85311","post","type-post","status-publish","format-standard","has-post-thumbnail","hentry","category-minuto-a-minuto","category-zona-roja","tag-accidente-supercarretera-oaxaca-cuacnopalan"],"jetpack_featured_media_url":"https:\/\/zonaroja.com.mx\/wp-content\/uploads\/2025\/10\/Supercarretera-Oaxaca-Cuacnopalan.jpg","jetpack_sharing_enabled":true,"_links":{"self":[{"href":"https:\/\/zonaroja.com.mx\/index.php?rest_route=\/wp\/v2\/posts\/85311","targetHints":{"allow":["GET"]}}],"collection":[{"href":"https:\/\/zonaroja.com.mx\/index.php?rest_route=\/wp\/v2\/posts"}],"about":[{"href":"https:\/\/zonaroja.com.mx\/index.php?rest_route=\/wp\/v2\/types\/post"}],"author":[{"embeddable":true,"href":"https:\/\/zonaroja.com.mx\/index.php?rest_route=\/wp\/v2\/users\/2"}],"replies":[{"embeddable":true,"href":"https:\/\/zonaroja.com.mx\/index.php?rest_route=%2Fwp%2Fv2%2Fcomments&post=85311"}],"version-history":[{"count":1,"href":"https:\/\/zonaroja.com.mx\/index.php?rest_route=\/wp\/v2\/posts\/85311\/revisions"}],"predecessor-version":[{"id":85313,"href":"https:\/\/zonaroja.com.mx\/index.php?rest_route=\/wp\/v2\/posts\/85311\/revisions\/85313"}],"wp:featuredmedia":[{"embeddable":true,"href":"https:\/\/zonaroja.com.mx\/index.php?rest_route=\/wp\/v2\/media\/85312"}],"wp:attachment":[{"href":"https:\/\/zonaroja.com.mx\/index.php?rest_route=%2Fwp%2Fv2%2Fmedia&parent=85311"}],"wp:term":[{"taxonomy":"category","embeddable":true,"href":"https:\/\/zonaroja.com.mx\/index.php?rest_route=%2Fwp%2Fv2%2Fcategories&post=85311"},{"taxonomy":"post_tag","embeddable":true,"href":"https:\/\/zonaroja.com.mx\/index.php?rest_route=%2Fwp%2Fv2%2Ftags&post=85311"}],"curies":[{"name":"wp","href":"https:\/\/api.w.org\/{rel}","templated":true}]}}