{"id":85314,"date":"2025-10-02T10:15:00","date_gmt":"2025-10-02T16:15:00","guid":{"rendered":"https:\/\/zonaroja.com.mx\/?p=85314"},"modified":"2025-10-02T07:51:14","modified_gmt":"2025-10-02T13:51:14","slug":"medios-de-comunicacion-de-espana-demandan-a-meta-creadora-de-facebook","status":"publish","type":"post","link":"https:\/\/zonaroja.com.mx\/?p=85314","title":{"rendered":"Medios de comunicaci\u00f3n de Espa\u00f1a demandan a Meta, creadora de Facebook"},"content":{"rendered":"\n<p>Redacci\u00f3n\/Zona Roja Cdmx.<\/p>\n\n\n\n<p>Ciudad de M\u00e9xico, a 2 de octubre de 2025.- La Asociaci\u00f3n de Medios de Informaci\u00f3n (AMI) de Espa\u00f1a, que aglutina a 83 diarios, revistas y portales informativos, presentaron una demanda por competencia desleal en la venta de publicidad digital contra Meta, la multinacional creada por Mark Zuckerberg y que es la propietaria de redes sociales como Facebook e Instagram.<\/p>\n\n\n\n<p>Los medios de comunicaci\u00f3n espa\u00f1oles presentaron la demanda ante un tribunal de Madrid, que decidi\u00f3 abrir el juicio ayer y resolver el reclamo de una indemnizaci\u00f3n de m\u00e1s de 550 millones de euros (11 mil 550 millones de pesos) por los da\u00f1os causados por su modelo publicitario a las cuentas de las empresas informativas espa\u00f1olas.<\/p>\n\n\n\n<p>Adem\u00e1s, hay pendiente otra demanda presentada por empresas de radio y televisi\u00f3n contra Meta por 160 millones de euros (3 mil 400 millones de pesos) por la misma raz\u00f3n. La demanda formal de los medios espa\u00f1oles es contra \u201cMeta Irlanda\u201d, la filial de la multinacional estadunidense en Europa, precisamente uno de los pa\u00edses con menor carga fiscal de la Uni\u00f3n Europea (UE). Esta demanda se suma a una presentada con anterioridad por cien medios de comunicaci\u00f3n franceses, con base en la jurisprudencia creada por la multa que le impuso la UE a Google de 3 mil 500 millones de d\u00f3lares (70 mil millones de pesos) por abuso de la publicidad digital.<\/p>\n\n\n\n<p>Entre los peri\u00f3dicos espa\u00f1oles que se sumaron a la demanda contra la empresa de Zuckerberg se encuentran El Pa\u00eds, El Mundo, La Vanguardia y ABC, entre otros.<\/p>\n\n\n\n<p>Irene Lanzaco, directora general de AMI, explic\u00f3 a la salida de la audiencia judicial que \u201ceste no es un pleito que afecte solamente a AMI, afecta a los medios de todo el mundo. Lo que est\u00e1 en juego es la supervivencia de los medios de informaci\u00f3n, amenazados por el comportamiento predatorio de una plataforma como Meta\u201d.<\/p>\n\n\n\n<p>(Informaci\u00f3n de \u201cLa Jornada\u201d)<\/p>\n","protected":false},"excerpt":{"rendered":"<p>Redacci\u00f3n\/Zona Roja Cdmx. Ciudad de M\u00e9xico, a 2 de octubre de 2025.- La Asociaci\u00f3n de&hellip;<\/p>\n","protected":false},"author":2,"featured_media":85315,"comment_status":"closed","ping_status":"open","sticky":false,"template":"","format":"standard","meta":{"_lmt_disableupdate":"","_lmt_disable":"","_jetpack_memberships_contains_paid_content":false,"footnotes":""},"categories":[109,47],"tags":[],"class_list":["post-85314","post","type-post","status-publish","format-standard","has-post-thumbnail","hentry","category-minuto-a-minuto","category-zona-gris"],"jetpack_featured_media_url":"https:\/\/zonaroja.com.mx\/wp-content\/uploads\/2025\/10\/Meta-Facebook.webp","jetpack_sharing_enabled":true,"_links":{"self":[{"href":"https:\/\/zonaroja.com.mx\/index.php?rest_route=\/wp\/v2\/posts\/85314","targetHints":{"allow":["GET"]}}],"collection":[{"href":"https:\/\/zonaroja.com.mx\/index.php?rest_route=\/wp\/v2\/posts"}],"about":[{"href":"https:\/\/zonaroja.com.mx\/index.php?rest_route=\/wp\/v2\/types\/post"}],"author":[{"embeddable":true,"href":"https:\/\/zonaroja.com.mx\/index.php?rest_route=\/wp\/v2\/users\/2"}],"replies":[{"embeddable":true,"href":"https:\/\/zonaroja.com.mx\/index.php?rest_route=%2Fwp%2Fv2%2Fcomments&post=85314"}],"version-history":[{"count":1,"href":"https:\/\/zonaroja.com.mx\/index.php?rest_route=\/wp\/v2\/posts\/85314\/revisions"}],"predecessor-version":[{"id":85316,"href":"https:\/\/zonaroja.com.mx\/index.php?rest_route=\/wp\/v2\/posts\/85314\/revisions\/85316"}],"wp:featuredmedia":[{"embeddable":true,"href":"https:\/\/zonaroja.com.mx\/index.php?rest_route=\/wp\/v2\/media\/85315"}],"wp:attachment":[{"href":"https:\/\/zonaroja.com.mx\/index.php?rest_route=%2Fwp%2Fv2%2Fmedia&parent=85314"}],"wp:term":[{"taxonomy":"category","embeddable":true,"href":"https:\/\/zonaroja.com.mx\/index.php?rest_route=%2Fwp%2Fv2%2Fcategories&post=85314"},{"taxonomy":"post_tag","embeddable":true,"href":"https:\/\/zonaroja.com.mx\/index.php?rest_route=%2Fwp%2Fv2%2Ftags&post=85314"}],"curies":[{"name":"wp","href":"https:\/\/api.w.org\/{rel}","templated":true}]}}