{"id":85317,"date":"2025-10-02T13:53:00","date_gmt":"2025-10-02T19:53:00","guid":{"rendered":"https:\/\/zonaroja.com.mx\/?p=85317"},"modified":"2025-10-02T07:55:40","modified_gmt":"2025-10-02T13:55:40","slug":"hambruna-mexico-el-pais-de-al-que-mas-alimentos-desperdicia","status":"publish","type":"post","link":"https:\/\/zonaroja.com.mx\/?p=85317","title":{"rendered":"\u00bfHambruna? M\u00e9xico, el pa\u00eds de AL que m\u00e1s alimentos desperdicia"},"content":{"rendered":"\n<p>Redacci\u00f3n\/Zona Roja Cdmx.<\/p>\n\n\n\n<p>Ciudad de M\u00e9xico, a 2 de octubre de 2025.- M\u00e9xico es el pa\u00eds que m\u00e1s alimentos desperdicia per c\u00e1pita en Am\u00e9rica Latina, pues cada a\u00f1o se pierden 30 millones de toneladas que son seguras o aptas para consumo humano, se\u00f1al\u00f3 la Red de Bancos de Alimentos de M\u00e9xico (BAMX).<\/p>\n\n\n\n<p>Mariana Jim\u00e9nez, directora de la Red BAMX, advirti\u00f3 que el impacto es m\u00e1s grave aun en t\u00e9rminos sociales, porque en un pa\u00eds donde viven m\u00e1s de 20 millones de personas con inseguridad alimentaria de moderada a severa, cada minuto se van a la basura dos tr\u00e1ilers llenos de comida.<\/p>\n\n\n\n<p>En la presentaci\u00f3n de la campa\u00f1a Va por mi Cuenta, que impulsa la Fundaci\u00f3n Alsea para enfrentar este problema, indic\u00f3 que este desperdicio tiene un impacto econ\u00f3mico, que representa 2.5 por ciento del PIB del pa\u00eds, y medioambiental equivalente a la contaminaci\u00f3n de 16 millones de autom\u00f3viles.<\/p>\n\n\n\n<p>Jim\u00e9nez explic\u00f3 que los comestibles desperdiciados se dan en toda la cadena de suministro y, del total, la Red BAMX recuper\u00f3 m\u00e1s de 180 mil toneladas, que llegaron a 2.5 millones de personas que viven con inseguridad alimentaria.<\/p>\n\n\n\n<p>En entrevista, indic\u00f3 que desde hace una d\u00e9cada la red utiliza los recursos de la campa\u00f1a para fortalecer su log\u00edstica y operaci\u00f3n.<\/p>\n\n\n\n<p>Ivonne Madrid, directora de Fundaci\u00f3n Alsea, destac\u00f3 la relevancia de la campa\u00f1a que concluye el 30 de noviembre pr\u00f3ximo, pues los recursos que se recaban est\u00e1n alineados a esfuerzos para contribuir en la erradicaci\u00f3n de la pobreza alimentaria en M\u00e9xico.<\/p>\n\n\n\n<p>Subray\u00f3 que la atenci\u00f3n a este desaf\u00edo es prioritario, pues afecta el desarrollo de los ni\u00f1os. Esto se refleja, asever\u00f3, en bajo rendimiento y deserci\u00f3n escolar, adem\u00e1s de que genera problemas de salud, anemia, desnutrici\u00f3n u obesidad, as\u00ed como impacto directo en la autoestima, estr\u00e9s y ansiedad.<\/p>\n\n\n\n<p>Refiri\u00f3 que de acuerdo con datos del Atlas de Riesgos para la Nutrici\u00f3n, elaborado por el Centro de Excelencia e Innovaci\u00f3n para los Derechos y Oportunidades de la Ni\u00f1ez (Ceidon), en M\u00e9xico m\u00e1s de 16 de cada 100 ni\u00f1os hasta de cinco a\u00f1os padecen desnutrici\u00f3n, lo que afecta su desarrollo f\u00edsico y mental y limita de forma preocupante sus oportunidades vitales.<\/p>\n\n\n\n<p>(Informaci\u00f3n de \u201cLa Jornada\u201d)<\/p>\n","protected":false},"excerpt":{"rendered":"<p>Redacci\u00f3n\/Zona Roja Cdmx. Ciudad de M\u00e9xico, a 2 de octubre de 2025.- M\u00e9xico es el&hellip;<\/p>\n","protected":false},"author":2,"featured_media":85319,"comment_status":"closed","ping_status":"open","sticky":false,"template":"","format":"standard","meta":{"_lmt_disableupdate":"","_lmt_disable":"","_jetpack_memberships_contains_paid_content":false,"footnotes":""},"categories":[109,47],"tags":[],"class_list":["post-85317","post","type-post","status-publish","format-standard","has-post-thumbnail","hentry","category-minuto-a-minuto","category-zona-gris"],"jetpack_featured_media_url":"https:\/\/zonaroja.com.mx\/wp-content\/uploads\/2025\/10\/Desperdicio-de-alimentos.jpg","jetpack_sharing_enabled":true,"_links":{"self":[{"href":"https:\/\/zonaroja.com.mx\/index.php?rest_route=\/wp\/v2\/posts\/85317","targetHints":{"allow":["GET"]}}],"collection":[{"href":"https:\/\/zonaroja.com.mx\/index.php?rest_route=\/wp\/v2\/posts"}],"about":[{"href":"https:\/\/zonaroja.com.mx\/index.php?rest_route=\/wp\/v2\/types\/post"}],"author":[{"embeddable":true,"href":"https:\/\/zonaroja.com.mx\/index.php?rest_route=\/wp\/v2\/users\/2"}],"replies":[{"embeddable":true,"href":"https:\/\/zonaroja.com.mx\/index.php?rest_route=%2Fwp%2Fv2%2Fcomments&post=85317"}],"version-history":[{"count":1,"href":"https:\/\/zonaroja.com.mx\/index.php?rest_route=\/wp\/v2\/posts\/85317\/revisions"}],"predecessor-version":[{"id":85320,"href":"https:\/\/zonaroja.com.mx\/index.php?rest_route=\/wp\/v2\/posts\/85317\/revisions\/85320"}],"wp:featuredmedia":[{"embeddable":true,"href":"https:\/\/zonaroja.com.mx\/index.php?rest_route=\/wp\/v2\/media\/85319"}],"wp:attachment":[{"href":"https:\/\/zonaroja.com.mx\/index.php?rest_route=%2Fwp%2Fv2%2Fmedia&parent=85317"}],"wp:term":[{"taxonomy":"category","embeddable":true,"href":"https:\/\/zonaroja.com.mx\/index.php?rest_route=%2Fwp%2Fv2%2Fcategories&post=85317"},{"taxonomy":"post_tag","embeddable":true,"href":"https:\/\/zonaroja.com.mx\/index.php?rest_route=%2Fwp%2Fv2%2Ftags&post=85317"}],"curies":[{"name":"wp","href":"https:\/\/api.w.org\/{rel}","templated":true}]}}