{"id":85323,"date":"2025-10-02T12:59:52","date_gmt":"2025-10-02T18:59:52","guid":{"rendered":"https:\/\/zonaroja.com.mx\/?p=85323"},"modified":"2025-10-02T12:59:52","modified_gmt":"2025-10-02T18:59:52","slug":"confirman-muerte-de-una-mujer-en-acatlan-de-perez-figueroa","status":"publish","type":"post","link":"https:\/\/zonaroja.com.mx\/?p=85323","title":{"rendered":"Confirman muerte de una mujer en Acatl\u00e1n de P\u00e9rez Figueroa&nbsp;"},"content":{"rendered":"\n<p>Ismael Garc\u00eda M.\/Zona Roja.&nbsp;<\/p>\n\n\n\n<p>Oaxaca, Oax., a 2 de octubre de 2025.- Una persona adulta del sexo femenino que padec\u00eda una discapacidad fue localizada sin vida en Acatl\u00e1n de P\u00e9rez Figueroa; el cuerpo se encontraba en estado de putrefacci\u00f3n.<\/p>\n\n\n\n<p>De acuerdo con reportes de corporaciones polic\u00edas, el hallazgo ocurri\u00f3 el martes 30 de septiembre en el cauce del arroyo en inmediaciones del \u201cPuente Negro\u201d.<\/p>\n\n\n\n<p>La v\u00edctima fue identificada por sus familiares como Patricia Adelfa O. M., de aproximadamente 37 a\u00f1os de edad.&nbsp;<\/p>\n\n\n\n<p>Norma T., sobrina de la femenina hallada sin vida, dijo que la se\u00f1ora Patricia padec\u00eda de sus facultades mentales y f\u00edsicas desde su ni\u00f1ez y con frecuencia se sal\u00eda del domicilio donde viv\u00eda y regresaba luego de varios d\u00edas. &nbsp;<\/p>\n\n\n\n<p>En esta ocasi\u00f3n ya ten\u00eda cinco d\u00edas de desaparecida, ante lo cual pidieron el apoyo de las autoridades, que iniciaron la b\u00fasqueda.&nbsp;<\/p>\n\n\n\n<p>Tras la localizaci\u00f3n, los trabajos de rescate del cuerpo se dificultaron debido a que se hallaba en una zona agreste.&nbsp;<\/p>\n\n\n\n<p>Personal de la Vicefiscal\u00eda Regional de la Cuenca, de la Fiscal\u00eda General del Estado de Oaxaca, efectu\u00f3 las labores periciales y traslad\u00f3 el cuerpo al descanso municipal de Acatl\u00e1n.&nbsp;<\/p>\n\n\n\n<p>Seg\u00fan las primeras investigaciones, muri\u00f3 de asfixia por sumersi\u00f3n.&nbsp;<\/p>\n","protected":false},"excerpt":{"rendered":"<p>Ismael Garc\u00eda M.\/Zona Roja.&nbsp; Oaxaca, Oax., a 2 de octubre de 2025.- Una persona adulta&hellip;<\/p>\n","protected":false},"author":2,"featured_media":79417,"comment_status":"closed","ping_status":"open","sticky":false,"template":"","format":"standard","meta":{"_lmt_disableupdate":"","_lmt_disable":"","_jetpack_memberships_contains_paid_content":false,"footnotes":""},"categories":[109,51],"tags":[187],"class_list":["post-85323","post","type-post","status-publish","format-standard","has-post-thumbnail","hentry","category-minuto-a-minuto","category-zona-roja","tag-acatlan-de-perez-figueroa"],"jetpack_featured_media_url":"https:\/\/zonaroja.com.mx\/wp-content\/uploads\/2025\/04\/Feminicidio-asesinato-mujer.jpg.avif","jetpack_sharing_enabled":true,"_links":{"self":[{"href":"https:\/\/zonaroja.com.mx\/index.php?rest_route=\/wp\/v2\/posts\/85323","targetHints":{"allow":["GET"]}}],"collection":[{"href":"https:\/\/zonaroja.com.mx\/index.php?rest_route=\/wp\/v2\/posts"}],"about":[{"href":"https:\/\/zonaroja.com.mx\/index.php?rest_route=\/wp\/v2\/types\/post"}],"author":[{"embeddable":true,"href":"https:\/\/zonaroja.com.mx\/index.php?rest_route=\/wp\/v2\/users\/2"}],"replies":[{"embeddable":true,"href":"https:\/\/zonaroja.com.mx\/index.php?rest_route=%2Fwp%2Fv2%2Fcomments&post=85323"}],"version-history":[{"count":1,"href":"https:\/\/zonaroja.com.mx\/index.php?rest_route=\/wp\/v2\/posts\/85323\/revisions"}],"predecessor-version":[{"id":85324,"href":"https:\/\/zonaroja.com.mx\/index.php?rest_route=\/wp\/v2\/posts\/85323\/revisions\/85324"}],"wp:featuredmedia":[{"embeddable":true,"href":"https:\/\/zonaroja.com.mx\/index.php?rest_route=\/wp\/v2\/media\/79417"}],"wp:attachment":[{"href":"https:\/\/zonaroja.com.mx\/index.php?rest_route=%2Fwp%2Fv2%2Fmedia&parent=85323"}],"wp:term":[{"taxonomy":"category","embeddable":true,"href":"https:\/\/zonaroja.com.mx\/index.php?rest_route=%2Fwp%2Fv2%2Fcategories&post=85323"},{"taxonomy":"post_tag","embeddable":true,"href":"https:\/\/zonaroja.com.mx\/index.php?rest_route=%2Fwp%2Fv2%2Ftags&post=85323"}],"curies":[{"name":"wp","href":"https:\/\/api.w.org\/{rel}","templated":true}]}}