{"id":85329,"date":"2025-10-02T19:14:07","date_gmt":"2025-10-03T01:14:07","guid":{"rendered":"https:\/\/zonaroja.com.mx\/?p=85329"},"modified":"2025-10-02T19:14:11","modified_gmt":"2025-10-03T01:14:11","slug":"comunidad-indigena-de-xochitlan-denuncia-ingreso-de-grupo-armado-del-multi","status":"publish","type":"post","link":"https:\/\/zonaroja.com.mx\/?p=85329","title":{"rendered":"Comunidad ind\u00edgena de Xochitl\u00e1n denuncia ingreso de grupo armado del MULTI"},"content":{"rendered":"\n<p>Raymundo Morales\/Zona Roja.<\/p>\n\n\n\n<p>Oaxaca, Oax., a 2 de octubre de 2025.- Alrededor de las 15:00 horas, un grupo armado y violento, perteneciente al Movimiento de Unificaci\u00f3n y Lucha Triqui Independiente (MULTI) ingres\u00f3 a la comunidad ind\u00edgena de San Jos\u00e9 Xochitl\u00e1n.<\/p>\n\n\n\n<p>La denuncia p\u00fablica la hicieron autoridades de esta poblaci\u00f3n de la regi\u00f3n Mixteca, que urgieron la presencia de corporaciones policiacas estatales y federales, con la finalidad de resguardar a los habitantes.<\/p>\n\n\n\n<p>Se\u00f1alaron a Macario Garc\u00eda como dirigente del grupo violento que se concentr\u00f3 en la casa del se\u00f1or Andr\u00e9s Hern\u00e1ndez, a unos 150 metros de la agencia municipal.<\/p>\n\n\n\n<p>\u201cSe constata que dicho grupo del MULTI portan armas de fuego para intimidar a la poblaci\u00f3n, por lo que que hacemos el llamado al Gobierno del Estado para que deje de financiar a dicho grupo encabezado por Jose Tereso Cruz Reyes para generar violencia contra dicha comunidad\u201d.<\/p>\n\n\n\n<p>\u201cEs sabido que el MULTI es un generador de violencia en la regi\u00f3n triqui , quienes son acusados de m\u00faltiples asesinatos as\u00ed como de desapariciones forzadas y que en el caso de Xochixtlan persiguen los recursos federales de la agencia municipal, ademas del recurso retroactivo que la comunidad ha logrado en una demanda en los tribunales, de aproximadamente 30 millones de pesos\u201d, expusieron.<\/p>\n\n\n\n<p>Destacaron que tales logros del pueblo, son hoy codiciados por el MULTI, usando como lacayo a Jos\u00e9 Tereso Cruz reyes, en contubernio con el comisionado de san Martin Itunyoso, Roberto Cabrera Vera y la Secretar\u00eda de Gobierno de Oaxaca.<\/p>\n\n\n\n<p>Expusieron que el 28 de abril de 2025, Jose Rereso incursion\u00f3 con un grupo armado de aproximadamente 15 personas en la agencia, agrediendo a los miembros de la autoridad y saqueando los bienes muebles de la agencia, asi como dinero en efectivo, los bastones de mando y documentaci\u00f3n.<\/p>\n\n\n\n<p>Mientras que el 14 de julio volvi\u00f3 a agredir la agencia, rompiendo los vidrios y puertas para volver a saquear los bienes.<\/p>\n\n\n\n<p>\u201cEn tiempo y forma se han presentado las denuncia correspondientes ante la Fiscal\u00eda de Tlaxiaco, sin embargo, hasta ahora no ha ejercido acci\u00f3n penal por la complicidad que existe con Jes\u00fas Romero\u201d, expusieron, al reiterar su llamado al Gobierno del Estado de Oaxaca.<\/p>\n","protected":false},"excerpt":{"rendered":"<p>Raymundo Morales\/Zona Roja. Oaxaca, Oax., a 2 de octubre de 2025.- Alrededor de las 15:00&hellip;<\/p>\n","protected":false},"author":2,"featured_media":85330,"comment_status":"closed","ping_status":"open","sticky":false,"template":"","format":"standard","meta":{"_lmt_disableupdate":"","_lmt_disable":"","_jetpack_memberships_contains_paid_content":false,"footnotes":""},"categories":[109,47],"tags":[2952],"class_list":["post-85329","post","type-post","status-publish","format-standard","has-post-thumbnail","hentry","category-minuto-a-minuto","category-zona-gris","tag-san-jose-xochitlan"],"jetpack_featured_media_url":"https:\/\/zonaroja.com.mx\/wp-content\/uploads\/2025\/10\/Caso-Xochitlan.jpg","jetpack_sharing_enabled":true,"_links":{"self":[{"href":"https:\/\/zonaroja.com.mx\/index.php?rest_route=\/wp\/v2\/posts\/85329","targetHints":{"allow":["GET"]}}],"collection":[{"href":"https:\/\/zonaroja.com.mx\/index.php?rest_route=\/wp\/v2\/posts"}],"about":[{"href":"https:\/\/zonaroja.com.mx\/index.php?rest_route=\/wp\/v2\/types\/post"}],"author":[{"embeddable":true,"href":"https:\/\/zonaroja.com.mx\/index.php?rest_route=\/wp\/v2\/users\/2"}],"replies":[{"embeddable":true,"href":"https:\/\/zonaroja.com.mx\/index.php?rest_route=%2Fwp%2Fv2%2Fcomments&post=85329"}],"version-history":[{"count":1,"href":"https:\/\/zonaroja.com.mx\/index.php?rest_route=\/wp\/v2\/posts\/85329\/revisions"}],"predecessor-version":[{"id":85331,"href":"https:\/\/zonaroja.com.mx\/index.php?rest_route=\/wp\/v2\/posts\/85329\/revisions\/85331"}],"wp:featuredmedia":[{"embeddable":true,"href":"https:\/\/zonaroja.com.mx\/index.php?rest_route=\/wp\/v2\/media\/85330"}],"wp:attachment":[{"href":"https:\/\/zonaroja.com.mx\/index.php?rest_route=%2Fwp%2Fv2%2Fmedia&parent=85329"}],"wp:term":[{"taxonomy":"category","embeddable":true,"href":"https:\/\/zonaroja.com.mx\/index.php?rest_route=%2Fwp%2Fv2%2Fcategories&post=85329"},{"taxonomy":"post_tag","embeddable":true,"href":"https:\/\/zonaroja.com.mx\/index.php?rest_route=%2Fwp%2Fv2%2Ftags&post=85329"}],"curies":[{"name":"wp","href":"https:\/\/api.w.org\/{rel}","templated":true}]}}