{"id":85332,"date":"2025-10-02T20:05:19","date_gmt":"2025-10-03T02:05:19","guid":{"rendered":"https:\/\/zonaroja.com.mx\/?p=85332"},"modified":"2025-10-02T20:05:21","modified_gmt":"2025-10-03T02:05:21","slug":"reportan-ayuntamiento-y-fiscalia-de-oaxaca-disminucion-de-delitos","status":"publish","type":"post","link":"https:\/\/zonaroja.com.mx\/?p=85332","title":{"rendered":"Reportan ayuntamiento y Fiscal\u00eda de Oaxaca disminuci\u00f3n de delitos"},"content":{"rendered":"\n<p>Redacci\u00f3n\/Zona Roja.<\/p>\n\n\n\n<p>Oaxaca, Oax., a 2 de octubre de 2025.- El presidente municipal de Oaxaca de Ju\u00e1rez, Raymundo Chagoya Villanueva, y el fiscal General del Estado, Bernardo Rodr\u00edguez Alamilla, reportaron que la incidencia delictiva en la ciudad va en disminuci\u00f3n.&nbsp;<\/p>\n\n\n\n<p>Sin embargo, reconocieron que persiste la percepci\u00f3n de inseguridad, por lo que es necesario reforzar la labor para que la ciudadan\u00eda se sienta segura.<\/p>\n\n\n\n<p>Este jueves, en conferencia de prensa, ambos funcionarios destacaron que desde sus \u00e1mbitos colaboran y trabajan para efectuar operativos de seguridad y para investigar los delitos, especialmente en zonas consideradas \u201cfocos rojos\u201d como la Central de Abasto, la agencia San Mart\u00edn Mexic\u00e1pam y colonias de las partes altas de la ciudad.<\/p>\n\n\n\n<p>Rodr\u00edguez Alamilla explic\u00f3 que aunque la percepci\u00f3n de inseguridad ha aumentado entre junio de 2024 y junio de 2025, esta idea contrasta con los delitos que realmente se cometen en una ciudad que por ser capital congrega diariamente a m\u00e1s de un mill\u00f3n de personas.&nbsp;<\/p>\n\n\n\n<p>\u00abEn incidencia nos encontramos en el lugar 22 de todas las capitales del pa\u00eds\u00bb, lo que implica que \u00abha disminuido de manera significativa la incidencia delictiva si se compara con los meses anteriores\u00bb.&nbsp;<\/p>\n\n\n\n<p>Aunque reconoci\u00f3 que en julio hubo un ligero repunte comparado con junio, si se comparan las cifras de delitos con los meses previos de 2024 y 2023, se observa una disminuci\u00f3n, tanto de robos, homicidios y otros delitos.&nbsp;<\/p>\n\n\n\n<p>\u00abPero si lo comparamos con la percepci\u00f3n, muchas personas van a decir que no se sienten seguras. Pero es un tema psicol\u00f3gico, no necesariamente que vaya con la realidad\u00bb.<\/p>\n\n\n\n<p>Basados en la Encuesta Nacional de Victimizaci\u00f3n y Percepci\u00f3n sobre la Seguridad P\u00fablica Urbana (ENVIPE) y la de Seguridad P\u00fablica Urbana (ENSU), la autoridad municipal de Oaxaca de Ju\u00e1rez y la Fiscal\u00eda General aseguraron que la capital es m\u00e1s segura y otras ciudades o que incluso otros municipios del estado como los del Istmo de Tehuantepec.<\/p>\n\n\n\n<p>Chagoya Villanueva, presidente municipal, asegur\u00f3 que se trabaja para incrementar la seguridad a trav\u00e9s de la dignificaci\u00f3n de la polic\u00eda municipal, capacitaci\u00f3n, adquisici\u00f3n de patrullas y otras actividades.&nbsp;<\/p>\n\n\n\n<p>Adem\u00e1s de trabajar en coordinaci\u00f3n con el gobierno estatal y el federal para los operativos.<\/p>\n\n\n\n<p>\u00abIniciamos con esta gran alianza con la Secretar\u00eda de la Defensa Nacional, con la compra de equipos, queremos que nuestra polic\u00eda municipal sea visible, quisimos romper ese estigma de que el polic\u00eda municipal se escond\u00eda en la sombrita&#8230; Nuestra polic\u00eda es muy visible, tenemos cifras r\u00e9cord de atenci\u00f3n\u00bb, agreg\u00f3.<\/p>\n\n\n\n<p>Tambi\u00e9n reconoci\u00f3 que al ser una ciudad muy grande y en la que concluye m\u00e1s habitantes de la entidad, las herramientas Sig\u00fcenza siendo insuficientes. \u00abPero estamos haciendo un esfuerzo por maximizar esas herramientas y por tener mejores resultados\u00bb.<\/p>\n","protected":false},"excerpt":{"rendered":"<p>Redacci\u00f3n\/Zona Roja. Oaxaca, Oax., a 2 de octubre de 2025.- El presidente municipal de Oaxaca&hellip;<\/p>\n","protected":false},"author":2,"featured_media":85333,"comment_status":"closed","ping_status":"open","sticky":false,"template":"","format":"standard","meta":{"_lmt_disableupdate":"","_lmt_disable":"","_jetpack_memberships_contains_paid_content":false,"footnotes":""},"categories":[109,46],"tags":[1262,494,148,4403],"class_list":["post-85332","post","type-post","status-publish","format-standard","has-post-thumbnail","hentry","category-minuto-a-minuto","category-zona-blanca","tag-bernardo-rodriguez-alamilla","tag-fiscalia-general-del-estado-de-oaxaca","tag-oaxaca-de-juarez","tag-ray-chagoya"],"jetpack_featured_media_url":"https:\/\/zonaroja.com.mx\/wp-content\/uploads\/2025\/10\/Bernardo-Rodriguez-Alamila-fiscal-edil-raymundo-chagoya.jpg","jetpack_sharing_enabled":true,"_links":{"self":[{"href":"https:\/\/zonaroja.com.mx\/index.php?rest_route=\/wp\/v2\/posts\/85332","targetHints":{"allow":["GET"]}}],"collection":[{"href":"https:\/\/zonaroja.com.mx\/index.php?rest_route=\/wp\/v2\/posts"}],"about":[{"href":"https:\/\/zonaroja.com.mx\/index.php?rest_route=\/wp\/v2\/types\/post"}],"author":[{"embeddable":true,"href":"https:\/\/zonaroja.com.mx\/index.php?rest_route=\/wp\/v2\/users\/2"}],"replies":[{"embeddable":true,"href":"https:\/\/zonaroja.com.mx\/index.php?rest_route=%2Fwp%2Fv2%2Fcomments&post=85332"}],"version-history":[{"count":1,"href":"https:\/\/zonaroja.com.mx\/index.php?rest_route=\/wp\/v2\/posts\/85332\/revisions"}],"predecessor-version":[{"id":85334,"href":"https:\/\/zonaroja.com.mx\/index.php?rest_route=\/wp\/v2\/posts\/85332\/revisions\/85334"}],"wp:featuredmedia":[{"embeddable":true,"href":"https:\/\/zonaroja.com.mx\/index.php?rest_route=\/wp\/v2\/media\/85333"}],"wp:attachment":[{"href":"https:\/\/zonaroja.com.mx\/index.php?rest_route=%2Fwp%2Fv2%2Fmedia&parent=85332"}],"wp:term":[{"taxonomy":"category","embeddable":true,"href":"https:\/\/zonaroja.com.mx\/index.php?rest_route=%2Fwp%2Fv2%2Fcategories&post=85332"},{"taxonomy":"post_tag","embeddable":true,"href":"https:\/\/zonaroja.com.mx\/index.php?rest_route=%2Fwp%2Fv2%2Ftags&post=85332"}],"curies":[{"name":"wp","href":"https:\/\/api.w.org\/{rel}","templated":true}]}}