{"id":85335,"date":"2025-10-02T22:07:19","date_gmt":"2025-10-03T04:07:19","guid":{"rendered":"https:\/\/zonaroja.com.mx\/?p=85335"},"modified":"2025-10-02T22:07:21","modified_gmt":"2025-10-03T04:07:21","slug":"ejecutado-en-juchitan-ahora-un-albanil-otro-asesinado-en-tututepec","status":"publish","type":"post","link":"https:\/\/zonaroja.com.mx\/?p=85335","title":{"rendered":"Ejecutado en Juchit\u00e1n, ahora un alba\u00f1il; otro asesinado en Tututepec"},"content":{"rendered":"\n<p>Raymundo Morales\/Zona Roja.<\/p>\n\n\n\n<p>Oaxaca, Oax., a 2 de octubre de 2025.- Una en\u00e9sima ejecuci\u00f3n a balazos se registr\u00f3 en el municipio de Juchitan de Zaragoza, regi\u00f3n del Istmo.<\/p>\n\n\n\n<p>El ataque contra un alba\u00f1il ocurri\u00f3 en una obra en un domicilio ubicado e la avenida Emilio Carranza de la Octava Secci\u00f3n.<\/p>\n\n\n\n<p>Al menos dos sujetos a bordo de una motocicleta arribaron y dispararon de manera directa en contra de un alba\u00f1il, quien perdi\u00f3 la vida al instante; fue identificado posteriormente como V\u00edctor Manuel \u201cN\u201d.<\/p>\n\n\n\n<p>Antes de que llegara personal de la Vicefiscal\u00eda Regional del Istmo, los familiares decidieron retirar el cuerpo por sus propios medios.<\/p>\n\n\n\n<p>A falta de polic\u00edas municipales en dicha zona, hasta el momento no hay reporte de probables homicidas detenidos.<\/p>\n\n\n\n<p>EN LA COSTA<\/p>\n\n\n\n<p>Por otra parte, la ma\u00f1ana de ayer mi\u00e9rcoles fue ejecutado un individuo en el camino de desviaci\u00f3n a la comunidad de Santa Mar\u00eda Acatepec, municipio de Villa de Tututepec, regi\u00f3n de la Costa.<\/p>\n\n\n\n<p>La v\u00edctima fue identificada de manera preliminar como Magdiel N. R., de aproximadamente 26 a\u00f1os de edad, y cuyo cuerpo se hallaba maniatado y presentaba varios impactos de arma de fuego.<\/p>\n\n\n\n<p>En el sitio, personal de la Vicefiscal\u00eda Regional de la Costa levant\u00f3 al menos 11 casquillos percutidos de arma calibre 9 mil\u00edmetros.<\/p>\n","protected":false},"excerpt":{"rendered":"<p>Raymundo Morales\/Zona Roja. Oaxaca, Oax., a 2 de octubre de 2025.- Una en\u00e9sima ejecuci\u00f3n a&hellip;<\/p>\n","protected":false},"author":2,"featured_media":85336,"comment_status":"closed","ping_status":"open","sticky":false,"template":"","format":"standard","meta":{"_lmt_disableupdate":"","_lmt_disable":"","_jetpack_memberships_contains_paid_content":false,"footnotes":""},"categories":[109,51],"tags":[297,1203],"class_list":["post-85335","post","type-post","status-publish","format-standard","has-post-thumbnail","hentry","category-minuto-a-minuto","category-zona-roja","tag-ejecutado-juchitan","tag-villa-de-tututepec"],"jetpack_featured_media_url":"https:\/\/zonaroja.com.mx\/wp-content\/uploads\/2025\/10\/Ejecutado-en-Villa-de-tututepec.jpg","jetpack_sharing_enabled":true,"_links":{"self":[{"href":"https:\/\/zonaroja.com.mx\/index.php?rest_route=\/wp\/v2\/posts\/85335","targetHints":{"allow":["GET"]}}],"collection":[{"href":"https:\/\/zonaroja.com.mx\/index.php?rest_route=\/wp\/v2\/posts"}],"about":[{"href":"https:\/\/zonaroja.com.mx\/index.php?rest_route=\/wp\/v2\/types\/post"}],"author":[{"embeddable":true,"href":"https:\/\/zonaroja.com.mx\/index.php?rest_route=\/wp\/v2\/users\/2"}],"replies":[{"embeddable":true,"href":"https:\/\/zonaroja.com.mx\/index.php?rest_route=%2Fwp%2Fv2%2Fcomments&post=85335"}],"version-history":[{"count":1,"href":"https:\/\/zonaroja.com.mx\/index.php?rest_route=\/wp\/v2\/posts\/85335\/revisions"}],"predecessor-version":[{"id":85337,"href":"https:\/\/zonaroja.com.mx\/index.php?rest_route=\/wp\/v2\/posts\/85335\/revisions\/85337"}],"wp:featuredmedia":[{"embeddable":true,"href":"https:\/\/zonaroja.com.mx\/index.php?rest_route=\/wp\/v2\/media\/85336"}],"wp:attachment":[{"href":"https:\/\/zonaroja.com.mx\/index.php?rest_route=%2Fwp%2Fv2%2Fmedia&parent=85335"}],"wp:term":[{"taxonomy":"category","embeddable":true,"href":"https:\/\/zonaroja.com.mx\/index.php?rest_route=%2Fwp%2Fv2%2Fcategories&post=85335"},{"taxonomy":"post_tag","embeddable":true,"href":"https:\/\/zonaroja.com.mx\/index.php?rest_route=%2Fwp%2Fv2%2Ftags&post=85335"}],"curies":[{"name":"wp","href":"https:\/\/api.w.org\/{rel}","templated":true}]}}