{"id":85338,"date":"2025-10-03T06:46:21","date_gmt":"2025-10-03T12:46:21","guid":{"rendered":"https:\/\/zonaroja.com.mx\/?p=85338"},"modified":"2025-10-03T06:46:23","modified_gmt":"2025-10-03T12:46:23","slug":"marcha-en-cdmx-deja-94-policias-hospitalizados-y-29-civiles-heridos-un-detenido","status":"publish","type":"post","link":"https:\/\/zonaroja.com.mx\/?p=85338","title":{"rendered":"Marcha en Cdmx deja 94 polic\u00edas hospitalizados y 29 civiles heridos; un detenido"},"content":{"rendered":"\n<p>Redacci\u00f3n\/Zona Roja Cdmx.<\/p>\n\n\n\n<p>Ciudad de M\u00e9xico, a 3 de octubre de 2025.- La marcha por el 57 aniversario de las v\u00edctimas de la matanza de Tlatelolco del 2 de octubre termin\u00f3 en enfrentamientos entre el bloque negro y polic\u00edas en el x\u00f3calo de la Ciudad de M\u00e9xico.<\/p>\n\n\n\n<p>Dicha movilizaci\u00f3n, que comenz\u00f3 en Tlatelolco cerca de las 16:00 horas, tuvo un desarrollo pac\u00edfico, hasta que la polic\u00eda no pudo contener al bloque negro, lo que deriv\u00f3 en enfrentamientos, mientras que el Comit\u00e9 68 ofrec\u00eda un mensaje que no pudieron escuchar miles de personas a las que se les restringi\u00f3 el acceso debido a los hechos violentos.<\/p>\n\n\n\n<p>El saldo, a corte de las 19:00 horas de este jueves 2 de octubre, es de 94 polic\u00edas heridos.<\/p>\n\n\n\n<p>Hubo manifestantes que fueron retirados en camillas, adem\u00e1s se report\u00f3 un total de 29 heridos, as\u00ed como una persona detenida por saquear una joyer\u00eda.<\/p>\n\n\n\n<p>Adem\u00e1s de recordar a las v\u00edctimas de la matanza del 68, se march\u00f3 para exigir justicia por causas como: el caso Ayotzinapa, alto al genocidio en Gaza y soluciones a la crisis de desaparici\u00f3n de personas.<\/p>\n\n\n\n<p>La Secretar\u00eda de Seguridad Ciudadana (SSC) inform\u00f3 la detenci\u00f3n de una persona que estaba en las manifestaciones de este 2 de octubre en la Ciudad de M\u00e9xico, y las autoridades dijeron que se le detuvo por participar en el saqueo de una joyer\u00eda ubicada en el Centro Hist\u00f3rico.<\/p>\n\n\n\n<p>Pablo V\u00e1zquez, titular de la SSC, coment\u00f3 que los integrantes del bloque negro contaban con bombas molotov, piedras, pedazos de madera a los que prendieron fuego, as\u00ed como l\u00edquidos inflamables que sirvieron para incendiar parte de las vallas y hasta a un polic\u00eda. Incluso se report\u00f3 que uno de ellos ten\u00eda una pinza que utiliz\u00f3 para abrir comercios.<\/p>\n\n\n\n<p>Los hechos ya se investigan, y V\u00e1zquez a\u00f1adi\u00f3 que no pretenden investigar a los integrantes del bloque negro, sino los posibles delitos en los que hayan incurrido.<\/p>\n\n\n\n<p>Adem\u00e1s, la SSC actualiz\u00f3 el saldo de heridos, y registr\u00f3 que 94 polic\u00edas fueron hospitalizados, mientras que otros 29 civiles fueron reportados con heridas.<\/p>\n\n\n\n<p>CAMPO DE BATALLA<\/p>\n\n\n\n<p>El mitin del aniversario de la matanza de Tlatelolco pr\u00e1citamente termin\u00f3, y los manifestantes pac\u00edficos abandonaron la plancha del z\u00f3calo, mientras que el bloque negro contin\u00faa los enfrentamientos contra los polic\u00edas.<\/p>\n\n\n\n<p>En la plancha del z\u00f3calo se registr\u00f3 una fogata hecha con escudos y cascos de los polic\u00edas, con una consigna que dec\u00eda \u2018Estado asesino\u2019.<\/p>\n\n\n\n<p>Adem\u00e1s, elementos del Escuadr\u00f3n de Rescate y Urgencias M\u00e9dicas (ERUM) ingresaron para rescatar a personas que estaban desmayadas, tanto polic\u00edas heridos como manifestantes.<\/p>\n\n\n\n<p>Se reportan al menos a 22 oficiales heridos, ocho hospitalizados y 14 atendidos en el mismo lugar; sin embargo, puede que la cifra sea mayor, as\u00ed como de manifestantes, de los cuales, al menos dos salieron en camilla del z\u00f3calo.<\/p>\n\n\n\n<p>Adem\u00e1s de la exigencia de justicia y la conmemoraci\u00f3n a las v\u00edctimas de la matanza del 2 de octubre de 1968, algunos encapuchados han registrado hechos violentos en el centro de la capital del pa\u00eds.<\/p>\n\n\n\n<p>En el mismo z\u00f3calo ya se reportaron enfrentamientos entre encapuchados y polic\u00edas de la Ciudad de M\u00e9xico. Entre Madero, 16 de Septiembre y 5 de Mayo, los encapuchados lanzaron objetos a la autoridad, y los elementos de la polic\u00eda intentaron encapsularlos con extintores para repelerlos. Un elemento de la polic\u00eda fue incendiado de sus piernas.<\/p>\n\n\n\n<p>La Secretar\u00eda de Seguridad Ciudadana (SSC) aclar\u00f3 que no usaron gas pimienta, sino que usaron extintores y equipo de protecci\u00f3n personal. Con lo que descartaron tambi\u00e9n el uso de armas.<\/p>\n\n\n\n<p>\u201cLas y los polic\u00edas que participan en el acompa\u00f1amiento de la marcha de este d\u00eda, solo portan su equipo de protecci\u00f3n personal, escudo, casco, rodilleras, coderas y, algunos de ellos extintores; no se utiliza ning\u00fan tipo de gas\u201c, explic\u00f3 la SSC.<\/p>\n\n\n\n<p>Elementos de la Comisi\u00f3n Nacional de Derechos Humanos, as\u00ed como elementos de la Brigada Marabunta, hicieron una cadena humana con tal de contener el conflicto y separar al bloque negro de polic\u00edas.<\/p>\n\n\n\n<p>Sobre Eje Central, una tienda Bodega Aurrer\u00e1 y una 3B fueron saqueadas, adem\u00e1s de que realizaron pintas en un local de Comex.<\/p>\n\n\n\n<p>Adem\u00e1s, el grupo de encapuchados presuntamente rob\u00f3 c\u00e1maras de reporteros en la zona.<\/p>\n\n\n\n<p>(Informaci\u00f3n de \u201cEl Financiero\u201d)<\/p>\n","protected":false},"excerpt":{"rendered":"<p>Redacci\u00f3n\/Zona Roja Cdmx. Ciudad de M\u00e9xico, a 3 de octubre de 2025.- La marcha por&hellip;<\/p>\n","protected":false},"author":2,"featured_media":85339,"comment_status":"closed","ping_status":"open","sticky":false,"template":"","format":"standard","meta":{"_lmt_disableupdate":"","_lmt_disable":"","_jetpack_memberships_contains_paid_content":false,"footnotes":""},"categories":[109,47],"tags":[],"class_list":["post-85338","post","type-post","status-publish","format-standard","has-post-thumbnail","hentry","category-minuto-a-minuto","category-zona-gris"],"jetpack_featured_media_url":"https:\/\/zonaroja.com.mx\/wp-content\/uploads\/2025\/10\/Marcha-2-de-octubre-Cdmx.webp","jetpack_sharing_enabled":true,"_links":{"self":[{"href":"https:\/\/zonaroja.com.mx\/index.php?rest_route=\/wp\/v2\/posts\/85338","targetHints":{"allow":["GET"]}}],"collection":[{"href":"https:\/\/zonaroja.com.mx\/index.php?rest_route=\/wp\/v2\/posts"}],"about":[{"href":"https:\/\/zonaroja.com.mx\/index.php?rest_route=\/wp\/v2\/types\/post"}],"author":[{"embeddable":true,"href":"https:\/\/zonaroja.com.mx\/index.php?rest_route=\/wp\/v2\/users\/2"}],"replies":[{"embeddable":true,"href":"https:\/\/zonaroja.com.mx\/index.php?rest_route=%2Fwp%2Fv2%2Fcomments&post=85338"}],"version-history":[{"count":1,"href":"https:\/\/zonaroja.com.mx\/index.php?rest_route=\/wp\/v2\/posts\/85338\/revisions"}],"predecessor-version":[{"id":85340,"href":"https:\/\/zonaroja.com.mx\/index.php?rest_route=\/wp\/v2\/posts\/85338\/revisions\/85340"}],"wp:featuredmedia":[{"embeddable":true,"href":"https:\/\/zonaroja.com.mx\/index.php?rest_route=\/wp\/v2\/media\/85339"}],"wp:attachment":[{"href":"https:\/\/zonaroja.com.mx\/index.php?rest_route=%2Fwp%2Fv2%2Fmedia&parent=85338"}],"wp:term":[{"taxonomy":"category","embeddable":true,"href":"https:\/\/zonaroja.com.mx\/index.php?rest_route=%2Fwp%2Fv2%2Fcategories&post=85338"},{"taxonomy":"post_tag","embeddable":true,"href":"https:\/\/zonaroja.com.mx\/index.php?rest_route=%2Fwp%2Fv2%2Ftags&post=85338"}],"curies":[{"name":"wp","href":"https:\/\/api.w.org\/{rel}","templated":true}]}}