{"id":85346,"date":"2025-10-03T10:00:00","date_gmt":"2025-10-03T16:00:00","guid":{"rendered":"https:\/\/zonaroja.com.mx\/?p=85346"},"modified":"2025-10-03T07:30:00","modified_gmt":"2025-10-03T13:30:00","slug":"fortalecen-educacion-ambiental-en-xoxocotlan-con-arranque-del-programa-layu-stidu","status":"publish","type":"post","link":"https:\/\/zonaroja.com.mx\/?p=85346","title":{"rendered":"Fortalecen educaci\u00f3n ambiental en Xoxocotl\u00e1n, con arranque del programa Lay\u00fa Stidu"},"content":{"rendered":"\n<p>Redacci\u00f3n\/Zona Roja.<\/p>\n\n\n\n<p>Oaxaca, Oax., a 3 de octubre de 2025.- Porque cuidar el planeta tambi\u00e9n es cuidar a las familias, en Santa Cruz Xoxocotl\u00e1n arranc\u00f3 el programa Lay\u00fa Stidu, Caravanas del Medio Ambiente, impulsadas por la Secretar\u00eda de Medio Ambiente, Biodiversidad, Energ\u00edas y Sostenibilidad (Semaedeso), en coordinaci\u00f3n en este municipio con la presidenta municipal, Nancy Ben\u00edtez Z\u00e1rate.&nbsp;<\/p>\n\n\n\n<p>Acompa\u00f1ada por integrantes de su Cabildo y ediles de algunos municipios de Valles Centrales, la edil reafirm\u00f3 el compromiso de la comunidad xoxe\u00f1a con el desarrollo sostenible y la importancia de unir esfuerzos para garantizar un entorno limpio y consciente.&nbsp;<\/p>\n\n\n\n<p>\u201cSolo trabajando juntos podremos asegurar un futuro digno para las pr\u00f3ximas generaciones. Que este encuentro sea inspiraci\u00f3n para cuidar el agua, el aire, los suelos, la biodiversidad y el bienestar de nuestras comunidades\u201d, enfatiz\u00f3 Ben\u00edtez Z\u00e1rate.<\/p>\n\n\n\n<p>Por su parte, la titular de la Semaedeso, Karime Unda Harp, reconoci\u00f3 la disposici\u00f3n del gobierno municipal de Xoxocotl\u00e1n para impulsar estas Caravanas, conformadas por seis mesas de trabajo que promueven pr\u00e1cticas como reciclaje, separaci\u00f3n de residuos, reforestaci\u00f3n, ahorro de agua y educaci\u00f3n ambiental en comunidades y escuelas.&nbsp;<\/p>\n\n\n\n<p>En el marco de esta jornada tambi\u00e9n arranc\u00f3 la campa\u00f1a de acopio de neum\u00e1ticos para coprocesamiento, estrategia que busca dar un destino final adecuado a las llantas fuera de uso, convirti\u00e9ndolas en energ\u00eda mediante procesos industriales, reduciendo as\u00ed la contaminaci\u00f3n y el consumo de combustibles f\u00f3siles.<\/p>\n","protected":false},"excerpt":{"rendered":"<p>Redacci\u00f3n\/Zona Roja. Oaxaca, Oax., a 3 de octubre de 2025.- Porque cuidar el planeta tambi\u00e9n&hellip;<\/p>\n","protected":false},"author":2,"featured_media":85350,"comment_status":"closed","ping_status":"open","sticky":false,"template":"","format":"standard","meta":{"_lmt_disableupdate":"","_lmt_disable":"","_jetpack_memberships_contains_paid_content":false,"footnotes":""},"categories":[109,46],"tags":[133],"class_list":["post-85346","post","type-post","status-publish","format-standard","has-post-thumbnail","hentry","category-minuto-a-minuto","category-zona-blanca","tag-santa-cruz-xoxocotlan"],"jetpack_featured_media_url":"https:\/\/zonaroja.com.mx\/wp-content\/uploads\/2025\/10\/Fortalecen-educacion-ambiental-en-Xoxocotlan-con-arranque-del-programa-Layu-Stidu-1.jpeg","jetpack_sharing_enabled":true,"_links":{"self":[{"href":"https:\/\/zonaroja.com.mx\/index.php?rest_route=\/wp\/v2\/posts\/85346","targetHints":{"allow":["GET"]}}],"collection":[{"href":"https:\/\/zonaroja.com.mx\/index.php?rest_route=\/wp\/v2\/posts"}],"about":[{"href":"https:\/\/zonaroja.com.mx\/index.php?rest_route=\/wp\/v2\/types\/post"}],"author":[{"embeddable":true,"href":"https:\/\/zonaroja.com.mx\/index.php?rest_route=\/wp\/v2\/users\/2"}],"replies":[{"embeddable":true,"href":"https:\/\/zonaroja.com.mx\/index.php?rest_route=%2Fwp%2Fv2%2Fcomments&post=85346"}],"version-history":[{"count":1,"href":"https:\/\/zonaroja.com.mx\/index.php?rest_route=\/wp\/v2\/posts\/85346\/revisions"}],"predecessor-version":[{"id":85351,"href":"https:\/\/zonaroja.com.mx\/index.php?rest_route=\/wp\/v2\/posts\/85346\/revisions\/85351"}],"wp:featuredmedia":[{"embeddable":true,"href":"https:\/\/zonaroja.com.mx\/index.php?rest_route=\/wp\/v2\/media\/85350"}],"wp:attachment":[{"href":"https:\/\/zonaroja.com.mx\/index.php?rest_route=%2Fwp%2Fv2%2Fmedia&parent=85346"}],"wp:term":[{"taxonomy":"category","embeddable":true,"href":"https:\/\/zonaroja.com.mx\/index.php?rest_route=%2Fwp%2Fv2%2Fcategories&post=85346"},{"taxonomy":"post_tag","embeddable":true,"href":"https:\/\/zonaroja.com.mx\/index.php?rest_route=%2Fwp%2Fv2%2Ftags&post=85346"}],"curies":[{"name":"wp","href":"https:\/\/api.w.org\/{rel}","templated":true}]}}