{"id":85356,"date":"2025-10-03T13:00:00","date_gmt":"2025-10-03T19:00:00","guid":{"rendered":"https:\/\/zonaroja.com.mx\/?p=85356"},"modified":"2025-10-03T07:41:16","modified_gmt":"2025-10-03T13:41:16","slug":"firman-congreso-de-oaxaca-y-ageo-convenio-de-colaboracion","status":"publish","type":"post","link":"https:\/\/zonaroja.com.mx\/?p=85356","title":{"rendered":"Firman Congreso de Oaxaca y AGEO convenio de colaboraci\u00f3n\u00a0"},"content":{"rendered":"\n<p>Redacci\u00f3n\/Zona Roja.<\/p>\n\n\n\n<p>Oaxaca, Oax., a 3 de octubre de 2025.- El Congreso del Estado y el Archivo General del Estado de Oaxaca (AGEO) firmaron un convenio de colaboraci\u00f3n con el objetivo de fortalecer la conservaci\u00f3n, organizaci\u00f3n y difusi\u00f3n de los documentos legislativos y administrativos como parte del compromiso institucional con la transparencia y la preservaci\u00f3n de la memoria hist\u00f3rica de la entidad.<\/p>\n\n\n\n<p>El presidente de la Junta de Coordinaci\u00f3n Pol\u00edtica (Jucopo), diputado Benjam\u00edn Viveros Montalvo, subray\u00f3 que este acuerdo permitir\u00e1 establecer mecanismos de cooperaci\u00f3n para avanzar en la capacitaci\u00f3n del personal, el desarrollo de proyectos de digitalizaci\u00f3n, la organizaci\u00f3n de exposiciones y una gesti\u00f3n moderna y eficaz, gracias a la experiencia y profesionalismo de esta instituci\u00f3n.<\/p>\n\n\n\n<p>Destac\u00f3 que los archivos representan la memoria de los procesos legislativos y administrativos, tambi\u00e9n son, un testimonio invaluable de las decisiones que han marcado la vida p\u00fablica, pues en ellos se encuentran las huellas de los cambios pol\u00edticos y sociales que han definido el rumbo de la entidad.<\/p>\n\n\n\n<p>Por su parte, el director general del AGEO, Jacobo Babines L\u00f3pez, se\u00f1al\u00f3 que este convenio representa la oportunidad de consolidar una alianza orientada a robustecer la administraci\u00f3n de este patrimonio para garantizar su correcta clasificaci\u00f3n, de modo que futuras administraciones cuenten con expedientes organizados y accesibles que plasmen los procesos legislativos.<\/p>\n\n\n\n<p>Asimismo, precis\u00f3 que esta acci\u00f3n permitir\u00e1 desarrollar actividades conjuntas para acercar a la ciudadan\u00eda la trascendencia de las decisiones parlamentarias que han construido el presente de Oaxaca, pues el Poder Legislativo cuenta con una gran riqueza documental.<\/p>\n","protected":false},"excerpt":{"rendered":"<p>Redacci\u00f3n\/Zona Roja. Oaxaca, Oax., a 3 de octubre de 2025.- El Congreso del Estado y&hellip;<\/p>\n","protected":false},"author":2,"featured_media":85347,"comment_status":"closed","ping_status":"open","sticky":false,"template":"","format":"standard","meta":{"_lmt_disableupdate":"","_lmt_disable":"","_jetpack_memberships_contains_paid_content":false,"footnotes":""},"categories":[109,46],"tags":[303],"class_list":["post-85356","post","type-post","status-publish","format-standard","has-post-thumbnail","hentry","category-minuto-a-minuto","category-zona-blanca","tag-congreso-del-estado-de-oaxaca"],"jetpack_featured_media_url":"https:\/\/zonaroja.com.mx\/wp-content\/uploads\/2025\/10\/Convenio-Congreso-de-Oaxaca.jpg","jetpack_sharing_enabled":true,"_links":{"self":[{"href":"https:\/\/zonaroja.com.mx\/index.php?rest_route=\/wp\/v2\/posts\/85356","targetHints":{"allow":["GET"]}}],"collection":[{"href":"https:\/\/zonaroja.com.mx\/index.php?rest_route=\/wp\/v2\/posts"}],"about":[{"href":"https:\/\/zonaroja.com.mx\/index.php?rest_route=\/wp\/v2\/types\/post"}],"author":[{"embeddable":true,"href":"https:\/\/zonaroja.com.mx\/index.php?rest_route=\/wp\/v2\/users\/2"}],"replies":[{"embeddable":true,"href":"https:\/\/zonaroja.com.mx\/index.php?rest_route=%2Fwp%2Fv2%2Fcomments&post=85356"}],"version-history":[{"count":1,"href":"https:\/\/zonaroja.com.mx\/index.php?rest_route=\/wp\/v2\/posts\/85356\/revisions"}],"predecessor-version":[{"id":85357,"href":"https:\/\/zonaroja.com.mx\/index.php?rest_route=\/wp\/v2\/posts\/85356\/revisions\/85357"}],"wp:featuredmedia":[{"embeddable":true,"href":"https:\/\/zonaroja.com.mx\/index.php?rest_route=\/wp\/v2\/media\/85347"}],"wp:attachment":[{"href":"https:\/\/zonaroja.com.mx\/index.php?rest_route=%2Fwp%2Fv2%2Fmedia&parent=85356"}],"wp:term":[{"taxonomy":"category","embeddable":true,"href":"https:\/\/zonaroja.com.mx\/index.php?rest_route=%2Fwp%2Fv2%2Fcategories&post=85356"},{"taxonomy":"post_tag","embeddable":true,"href":"https:\/\/zonaroja.com.mx\/index.php?rest_route=%2Fwp%2Fv2%2Ftags&post=85356"}],"curies":[{"name":"wp","href":"https:\/\/api.w.org\/{rel}","templated":true}]}}