{"id":85358,"date":"2025-10-03T14:00:00","date_gmt":"2025-10-03T20:00:00","guid":{"rendered":"https:\/\/zonaroja.com.mx\/?p=85358"},"modified":"2025-10-03T08:00:52","modified_gmt":"2025-10-03T14:00:52","slug":"roberto-perez-delgado-edil-que-agredio-a-una-mujer-busca-reeleccion-en-ixtlahuaca","status":"publish","type":"post","link":"https:\/\/zonaroja.com.mx\/?p=85358","title":{"rendered":"Roberto P\u00e9rez Delgado, edil que agredi\u00f3 a una mujer, busca reelecci\u00f3n en Ixtlahuaca\u00a0"},"content":{"rendered":"\n<p>Lisbeth Mej\u00eda Reyes\/Zona Roja.<\/p>\n\n\n\n<p>Oaxaca, Oax., a 3 de octubre de 2025.- El presidente municipal de San Pedro Ixtlahuaca, Roberto P\u00e9rez Delgado, busca la reelecci\u00f3n en el cargo aun cuando pesan sobre s\u00ed las acusaciones por violencia en contra de una mujer, hecho que ocurri\u00f3 en diciembre de 2024 y que qued\u00f3 registrado en un video difundido en redes sociales.<\/p>\n\n\n\n<p>El candidato a senador por el Partido Verde Ecologista busca repetir como presidente municipal a trav\u00e9s de la planilla blanca, con la que se ha promocionado en los \u00faltimos d\u00edas rumbo a la elecci\u00f3n del pr\u00f3ximo 12 de octubre en este municipio de los valles centrales de Oaxaca.<\/p>\n\n\n\n<p>Incluso, ha apelado al apoyo de las mujeres, asegurando que cuenta con su respaldo.&nbsp;<\/p>\n\n\n\n<p>P\u00e9rez Delgado ostenta el cargo de edil para el periodo 2023-2025 y planea mantenerse por un periodo m\u00e1s, a pesar de que arrastra se\u00f1alamientos por violencia. Esto a ra\u00edz de la agresi\u00f3n en contra de una mujer, ocurrida el 18 de julio en el paraje Los Huajales de ese municipio.<\/p>\n\n\n\n<p>En el video se observa que cuatro hombres someten a otro y la mujer trata de acercarse, probablemente para defenderlo, pero el edil la jala del cabello. Luego le grita: \u00ab\u00bfA d\u00f3nde va? \u00bfA d\u00f3nde?&#8230; \u00a1No importa!\u00bb<\/p>\n\n\n\n<p>El intercambio de palabras es por momentos confuso, pero el edil vuelve a acercarse a la mujer y la toma por la espalda, secundado por un polic\u00eda que trata de someterla, mientras otros hombres exigen que no la golpeen y ella intentaba grabar con su celular la trifulca.<\/p>\n\n\n\n<p>A trav\u00e9s de la red social X (antes Twitter), el gobernador de Oaxaca, Salom\u00f3n Jara Cruz, conden\u00f3 \u00aben\u00e9rgicamente los actos de violencia cometidos en contra de una mujer ind\u00edgena. El presidente debe separarse del cargo y asumir las responsabilidades frente a las autoridades competentes\u00bb, apunt\u00f3 en la publicaci\u00f3n del 19 de diciembre.<\/p>\n\n\n\n<p>Al condenar la violencia en contra de las mujeres, la Defensor\u00eda de los Derechos Humanos del Pueblo de Oaxaca inici\u00f3 el expediente de oficio DDHPO\/9329\/(01)\/OAX\/2024 y solicit\u00f3 a la Fiscal\u00eda General del Estado intervenir en el caso.<\/p>\n\n\n\n<p>La Fiscal\u00eda tambi\u00e9n inform\u00f3 en su momento que hab\u00eda abierto una carpeta de investigaci\u00f3n de oficio por la agresi\u00f3n, \u00abcuya responsabilidad se la atribuyen a autoridades de dicho Ayuntamiento\u00bb.&nbsp;<\/p>\n\n\n\n<p>El caso, dijo, qued\u00f3 a cargo de la Fiscal\u00eda Especializada para la Atenci\u00f3n a Delitos Contra la Mujer por Raz\u00f3n de G\u00e9nero.&nbsp;Sin embargo, hasta ahora se desconoce la resoluci\u00f3n.&nbsp;<\/p>\n","protected":false},"excerpt":{"rendered":"<p>Lisbeth Mej\u00eda Reyes\/Zona Roja. Oaxaca, Oax., a 3 de octubre de 2025.- El presidente municipal&hellip;<\/p>\n","protected":false},"author":2,"featured_media":85359,"comment_status":"closed","ping_status":"open","sticky":false,"template":"","format":"standard","meta":{"_lmt_disableupdate":"","_lmt_disable":"","_jetpack_memberships_contains_paid_content":false,"footnotes":""},"categories":[109,47],"tags":[3264,2140],"class_list":["post-85358","post","type-post","status-publish","format-standard","has-post-thumbnail","hentry","category-minuto-a-minuto","category-zona-gris","tag-roberto-perez-delgado","tag-san-pedro-ixtlahuaca"],"jetpack_featured_media_url":"https:\/\/zonaroja.com.mx\/wp-content\/uploads\/2025\/10\/Agresion-Roberto-Perez-Delgado.jpg","jetpack_sharing_enabled":true,"_links":{"self":[{"href":"https:\/\/zonaroja.com.mx\/index.php?rest_route=\/wp\/v2\/posts\/85358","targetHints":{"allow":["GET"]}}],"collection":[{"href":"https:\/\/zonaroja.com.mx\/index.php?rest_route=\/wp\/v2\/posts"}],"about":[{"href":"https:\/\/zonaroja.com.mx\/index.php?rest_route=\/wp\/v2\/types\/post"}],"author":[{"embeddable":true,"href":"https:\/\/zonaroja.com.mx\/index.php?rest_route=\/wp\/v2\/users\/2"}],"replies":[{"embeddable":true,"href":"https:\/\/zonaroja.com.mx\/index.php?rest_route=%2Fwp%2Fv2%2Fcomments&post=85358"}],"version-history":[{"count":1,"href":"https:\/\/zonaroja.com.mx\/index.php?rest_route=\/wp\/v2\/posts\/85358\/revisions"}],"predecessor-version":[{"id":85360,"href":"https:\/\/zonaroja.com.mx\/index.php?rest_route=\/wp\/v2\/posts\/85358\/revisions\/85360"}],"wp:featuredmedia":[{"embeddable":true,"href":"https:\/\/zonaroja.com.mx\/index.php?rest_route=\/wp\/v2\/media\/85359"}],"wp:attachment":[{"href":"https:\/\/zonaroja.com.mx\/index.php?rest_route=%2Fwp%2Fv2%2Fmedia&parent=85358"}],"wp:term":[{"taxonomy":"category","embeddable":true,"href":"https:\/\/zonaroja.com.mx\/index.php?rest_route=%2Fwp%2Fv2%2Fcategories&post=85358"},{"taxonomy":"post_tag","embeddable":true,"href":"https:\/\/zonaroja.com.mx\/index.php?rest_route=%2Fwp%2Fv2%2Ftags&post=85358"}],"curies":[{"name":"wp","href":"https:\/\/api.w.org\/{rel}","templated":true}]}}