{"id":85368,"date":"2025-10-03T19:20:17","date_gmt":"2025-10-04T01:20:17","guid":{"rendered":"https:\/\/zonaroja.com.mx\/?p=85368"},"modified":"2025-10-03T19:20:19","modified_gmt":"2025-10-04T01:20:19","slug":"ataque-de-abejas-deja-una-adulta-fallecida-y-tres-lesionados-en-etla-oaxaca","status":"publish","type":"post","link":"https:\/\/zonaroja.com.mx\/?p=85368","title":{"rendered":"Ataque de abejas deja una adulta fallecida y tres lesionados en Etla, Oaxaca"},"content":{"rendered":"\n<p>Redacci\u00f3n\/Zona Roja.<\/p>\n\n\n\n<p>Oaxaca, Oax. 3 de octubre de 2025.- Un ataque de un enjambre de abejas dej\u00f3 en la comunidad de Santo Domingo Barrio Bajo, Villa de Etla, una persona adulta mayor fallecida, as\u00ed como un bombero y dos polic\u00edas lesionados.<\/p>\n\n\n\n<p>La Coordinaci\u00f3n Estatal de Protecci\u00f3n Civil y Gesti\u00f3n de Riesgos de Oaxaca confirm\u00f3 el hecho y hace un llamado a la ciudadan\u00eda a extremar precauciones y actuar con responsabilidad para reducir riesgos por picaduras de abejas.<\/p>\n\n\n\n<p>De acuerdo con los reportes, una persona de la tercera edad perdi\u00f3 la vida a causa del ataque de estos insectos.&nbsp;<\/p>\n\n\n\n<p>Mientras que un bombero y dos polic\u00edas resultaron afectados, quienes fueron trasladados para recibir atenci\u00f3n m\u00e9dica. Uno de ellos en estado grave debido a una reacci\u00f3n al\u00e9rgica.<\/p>\n\n\n\n<p>En este sentido, la dependencia emite las siguientes recomendaciones a la poblaci\u00f3n:<\/p>\n\n\n\n<ul class=\"wp-block-list\">\n<li>Evitar acercarse a enjambres o panales de abejas.<\/li>\n<\/ul>\n\n\n\n<ul class=\"wp-block-list\">\n<li>No intentar retirarlos por cuenta propia, por el contrario, solicitar apoyo de personal capacitado.<\/li>\n<\/ul>\n\n\n\n<ul class=\"wp-block-list\">\n<li>Si se observa un enjambre cerca de su vivienda o en un lugar p\u00fablico, reportar de inmediato a las autoridades locales de Protecci\u00f3n Civil.<\/li>\n<\/ul>\n\n\n\n<ul class=\"wp-block-list\">\n<li>En caso de picaduras, buscar atenci\u00f3n m\u00e9dica de inmediato, especialmente si se presentan antecedentes de alergias.<\/li>\n<\/ul>\n\n\n\n<ul class=\"wp-block-list\">\n<li>Mantener la calma y evitar movimientos bruscos al encontrarse con un enjambre, ya que esto puede alterar a las abejas.<\/li>\n<\/ul>\n","protected":false},"excerpt":{"rendered":"<p>Redacci\u00f3n\/Zona Roja. Oaxaca, Oax. 3 de octubre de 2025.- Un ataque de un enjambre de&hellip;<\/p>\n","protected":false},"author":2,"featured_media":85369,"comment_status":"closed","ping_status":"open","sticky":false,"template":"","format":"standard","meta":{"_lmt_disableupdate":"","_lmt_disable":"","_jetpack_memberships_contains_paid_content":false,"footnotes":""},"categories":[109,47],"tags":[882],"class_list":["post-85368","post","type-post","status-publish","format-standard","has-post-thumbnail","hentry","category-minuto-a-minuto","category-zona-gris","tag-villa-de-etla"],"jetpack_featured_media_url":"https:\/\/zonaroja.com.mx\/wp-content\/uploads\/2025\/10\/Ataque-abejas.jpg","jetpack_sharing_enabled":true,"_links":{"self":[{"href":"https:\/\/zonaroja.com.mx\/index.php?rest_route=\/wp\/v2\/posts\/85368","targetHints":{"allow":["GET"]}}],"collection":[{"href":"https:\/\/zonaroja.com.mx\/index.php?rest_route=\/wp\/v2\/posts"}],"about":[{"href":"https:\/\/zonaroja.com.mx\/index.php?rest_route=\/wp\/v2\/types\/post"}],"author":[{"embeddable":true,"href":"https:\/\/zonaroja.com.mx\/index.php?rest_route=\/wp\/v2\/users\/2"}],"replies":[{"embeddable":true,"href":"https:\/\/zonaroja.com.mx\/index.php?rest_route=%2Fwp%2Fv2%2Fcomments&post=85368"}],"version-history":[{"count":1,"href":"https:\/\/zonaroja.com.mx\/index.php?rest_route=\/wp\/v2\/posts\/85368\/revisions"}],"predecessor-version":[{"id":85370,"href":"https:\/\/zonaroja.com.mx\/index.php?rest_route=\/wp\/v2\/posts\/85368\/revisions\/85370"}],"wp:featuredmedia":[{"embeddable":true,"href":"https:\/\/zonaroja.com.mx\/index.php?rest_route=\/wp\/v2\/media\/85369"}],"wp:attachment":[{"href":"https:\/\/zonaroja.com.mx\/index.php?rest_route=%2Fwp%2Fv2%2Fmedia&parent=85368"}],"wp:term":[{"taxonomy":"category","embeddable":true,"href":"https:\/\/zonaroja.com.mx\/index.php?rest_route=%2Fwp%2Fv2%2Fcategories&post=85368"},{"taxonomy":"post_tag","embeddable":true,"href":"https:\/\/zonaroja.com.mx\/index.php?rest_route=%2Fwp%2Fv2%2Ftags&post=85368"}],"curies":[{"name":"wp","href":"https:\/\/api.w.org\/{rel}","templated":true}]}}