{"id":85371,"date":"2025-10-03T20:26:37","date_gmt":"2025-10-04T02:26:37","guid":{"rendered":"https:\/\/zonaroja.com.mx\/?p=85371"},"modified":"2025-10-03T20:26:39","modified_gmt":"2025-10-04T02:26:39","slug":"cumple-cinco-dias-protesta-de-supervisores-de-la-seccion-22-en-oaxaca","status":"publish","type":"post","link":"https:\/\/zonaroja.com.mx\/?p=85371","title":{"rendered":"Cumple cinco d\u00edas protesta de supervisores de la Secci\u00f3n 22 en Oaxaca"},"content":{"rendered":"\n<p>Lisbeth Mej\u00eda Reyes\/Zona Roja.<\/p>\n\n\n\n<p>Oaxaca, Oax., a 3 de octubre de 2025.- La protesta de supervisores y jefes de sector de la Secci\u00f3n 22 en la ciudad de Oaxaca, quienes exigen el reconocimiento de 103 compa\u00f1eros y el pago de salarios pendientes desde hace un a\u00f1o, cumpli\u00f3 cinco d\u00edas este viernes.&nbsp;<\/p>\n\n\n\n<p>Sin embargo, a\u00fan no hay fecha para su levantamiento, pues todo depende de las resoluciones que les otorguen en la mesa de negociaci\u00f3n con las autoridades estatales y federales, la cual sigue en espera.<\/p>\n\n\n\n<p>En tanto, a esta protesta se espera que se sume una m\u00e1s de la Secci\u00f3n 22 del Sindicato Nacional de Trabajadores de la Educaci\u00f3n, pues el pasado lunes advirti\u00f3 que retomar\u00e1 sus movilizaciones debido a que las autoridades estatales y federales no han reanudado las mesas tripartitas ni han cumplido sus promesas de la \u00faltima reuni\u00f3n.<\/p>\n\n\n\n<p>La protesta de supervisores comenz\u00f3 el pasado lunes, luego de no haber recibido sus pagos en el periodo acordado con las autoridades, es decir, en la primera quincena de septiembre.<\/p>\n\n\n\n<p>Este viernes, las y los manifestantes volvieron a bloquear vialidades de la capital. Durante varias horas, se mantuvo cerrada la circulaci\u00f3n en la calzada H\u00e9roes de Chapultepec, a la altura de la terminal de autobuses ADO. Ah\u00ed, el contingente de docentes retuvo un cami\u00f3n recolector del ayuntamiento capitalino y un cami\u00f3n del transporte urbano de la l\u00ednea Sertexa para impedir el paso de los dem\u00e1s veh\u00edculos. \u00danicamente permiti\u00f3 el paso de ambulancias.<\/p>\n\n\n\n<p>En d\u00edas previos, los supervisores y jefes de sector han bloqueado la avenida de La Independencia y otras calles del centro.<\/p>\n\n\n\n<p>En cuanto al plant\u00f3n, este se instal\u00f3 desde la ma\u00f1ana del pasado lunes en el z\u00f3calo capitalino, aunque despu\u00e9s se reubic\u00f3 en el corredor del Palacio de Gobierno, donde se mantiene hasta ahora.<\/p>\n\n\n\n<p>Erangelio Mendoza, uno de los representantes y ex dirigente de la Secci\u00f3n 22 ha acusado al gobierno estatal y federal por la falta de pagos y de ascensos de los 103 supervisores y 28 jefes de sector. Incluso ha arrepentido directamente en contra del secretario de Educaci\u00f3n P\u00fablica, Mario Delgado, y el director del Instituto Estatal de Educaci\u00f3n P\u00fablica de Oaxaca (IEEPO), Emilio Montero. Tambi\u00e9n ha acusado a la secretar\u00eda del Trabajo y a Ir\u00e1n Santiago, ex integrante de la gremial, por presuntamente haber formado otro sindicato y entorpecido la labor de la Secci\u00f3n 22.<\/p>\n\n\n\n<p>Por su parte, el IEEPO ha asegurado que se mantiene la atenci\u00f3n a los expedientes de los supervisores y jefes de sector y acus\u00f3 a las pasadas administraciones estatales de haber desatendido la exigencia.<\/p>\n\n\n\n<figure class=\"wp-block-embed is-type-rich is-provider-twitter wp-block-embed-twitter\"><div class=\"wp-block-embed__wrapper\">\n<div class=\"twitter-tweet\"><blockquote class=\"twitter-tweet\" data-lang=\"es\"><p lang=\"es\" dir=\"ltr\"><a href=\"https:\/\/twitter.com\/hashtag\/AlMomento?src=hash&amp;ref_src=twsrc%5Etfw\">#AlMomento<\/a><br>Docentes de la Secci\u00f3n 22 del SNTE bloquean la calzada H\u00e9roes de Chapultepec esquina con sede de la terminal ADO. <br>\ud83d\udc47<a href=\"https:\/\/t.co\/KenFlMaCXE\">https:\/\/t.co\/KenFlMaCXE<\/a><\/p>&mdash; Zona Roja Oaxaca (@ZonaRoja_Oaxaca) <a href=\"https:\/\/twitter.com\/ZonaRoja_Oaxaca\/status\/1974167249310380041?ref_src=twsrc%5Etfw\">3 de octubre de 2025<\/a><\/blockquote><\/div>\n<\/div><\/figure>\n","protected":false},"excerpt":{"rendered":"<p>Lisbeth Mej\u00eda Reyes\/Zona Roja. Oaxaca, Oax., a 3 de octubre de 2025.- La protesta de&hellip;<\/p>\n","protected":false},"author":2,"featured_media":85372,"comment_status":"closed","ping_status":"open","sticky":false,"template":"","format":"standard","meta":{"_lmt_disableupdate":"","_lmt_disable":"","_jetpack_memberships_contains_paid_content":false,"footnotes":""},"categories":[109,47],"tags":[312],"class_list":["post-85371","post","type-post","status-publish","format-standard","has-post-thumbnail","hentry","category-minuto-a-minuto","category-zona-gris","tag-seccion-22-del-snte"],"jetpack_featured_media_url":"https:\/\/zonaroja.com.mx\/wp-content\/uploads\/2025\/10\/Protesta-supervisores-y-jefes-de-sector-Seccion-22.jpg","jetpack_sharing_enabled":true,"_links":{"self":[{"href":"https:\/\/zonaroja.com.mx\/index.php?rest_route=\/wp\/v2\/posts\/85371","targetHints":{"allow":["GET"]}}],"collection":[{"href":"https:\/\/zonaroja.com.mx\/index.php?rest_route=\/wp\/v2\/posts"}],"about":[{"href":"https:\/\/zonaroja.com.mx\/index.php?rest_route=\/wp\/v2\/types\/post"}],"author":[{"embeddable":true,"href":"https:\/\/zonaroja.com.mx\/index.php?rest_route=\/wp\/v2\/users\/2"}],"replies":[{"embeddable":true,"href":"https:\/\/zonaroja.com.mx\/index.php?rest_route=%2Fwp%2Fv2%2Fcomments&post=85371"}],"version-history":[{"count":1,"href":"https:\/\/zonaroja.com.mx\/index.php?rest_route=\/wp\/v2\/posts\/85371\/revisions"}],"predecessor-version":[{"id":85373,"href":"https:\/\/zonaroja.com.mx\/index.php?rest_route=\/wp\/v2\/posts\/85371\/revisions\/85373"}],"wp:featuredmedia":[{"embeddable":true,"href":"https:\/\/zonaroja.com.mx\/index.php?rest_route=\/wp\/v2\/media\/85372"}],"wp:attachment":[{"href":"https:\/\/zonaroja.com.mx\/index.php?rest_route=%2Fwp%2Fv2%2Fmedia&parent=85371"}],"wp:term":[{"taxonomy":"category","embeddable":true,"href":"https:\/\/zonaroja.com.mx\/index.php?rest_route=%2Fwp%2Fv2%2Fcategories&post=85371"},{"taxonomy":"post_tag","embeddable":true,"href":"https:\/\/zonaroja.com.mx\/index.php?rest_route=%2Fwp%2Fv2%2Ftags&post=85371"}],"curies":[{"name":"wp","href":"https:\/\/api.w.org\/{rel}","templated":true}]}}