{"id":85374,"date":"2025-10-03T21:00:00","date_gmt":"2025-10-04T03:00:00","guid":{"rendered":"https:\/\/zonaroja.com.mx\/?p=85374"},"modified":"2025-10-03T20:30:39","modified_gmt":"2025-10-04T02:30:39","slug":"nuevo-conflicto-en-la-uabjo-ahora-por-toma-del-steuabjo-a-rectoria","status":"publish","type":"post","link":"https:\/\/zonaroja.com.mx\/?p=85374","title":{"rendered":"Nuevo conflicto en la UABJO, ahora por \u201ctoma\u201d del STEUABJO a rector\u00eda"},"content":{"rendered":"\n<p>Lisbeth Mej\u00eda Reyes\/Zona Roja.<\/p>\n\n\n\n<p>Oaxaca, Oax., a 4 de octubre de 2025.- Los conflictos en la Universidad Aut\u00f3noma \u201cBenito Ju\u00e1rez\u201d de Oaxaca (UABJO) no han cesado, pues el jueves se sum\u00f3 la toma de las rector\u00eda por parte del Sindicato de Trabajadores y Empleados de la UABJO (STEUABJO), quienes han permanecido hasta este viernes.<\/p>\n\n\n\n<p>Fue durante la noche cuando el sindicato arrib\u00f3 a estas instalaciones en Ciudad Universitaria, en la agencia Cinco Se\u00f1ores, para exigir informaci\u00f3n sobre las presuntas nuevas contrataciones de personal y otorgamiento de bases. De acuerdo con el sindicato, esta manifestaci\u00f3n tiene como antecedente su exigencia desde hace un mes para conocer tales procesos, los cuales se han realizado a sus espaldas.<\/p>\n\n\n\n<p>Sin embargo, reconoci\u00f3 que debido a las elecciones internas de la organizaci\u00f3n hab\u00edan suspendido su manifestaci\u00f3n.<\/p>\n\n\n\n<p>Aunque los manifestantes tomaron la sede de la rector\u00eda, las actividades acad\u00e9micas continuaron en las facultades este viernes.<\/p>\n\n\n\n<p>Por ahora, la rector\u00eda no ha emitido pronunciamiento alguno ante la nueva manifestaci\u00f3n. En tanto, el sindicato mantiene su exigencia al rector paraexigir transparencia en las contrataciones.<\/p>\n\n\n\n<p>Esta toma de la rector\u00eda se suma a la serie de problemas que ha tenido la universidad en los \u00faltimos meses, primero con el conflicto en la Facultad de Derecho y Ciencias Sociales, entre mayo y junio, y posteriormente con la balacera de hace dos semanas en esa misma facultad. <\/p>\n\n\n\n<p>Hace unas semanas tambi\u00e9n se registr\u00f3 la protesta de activistas feministas y alumnas para denunciar que un hombre est\u00e1 usurpando un lugar que deber\u00eda de ser para una mujer, en la Direcci\u00f3n de Equidad y G\u00e9nero. Incluso, recientemente tambi\u00e9n hubo una manifestaci\u00f3n de estudiantes, quienes acusaron proselitismo del rector Cristian \u00c9der Carre\u00f1o a favor del partido Morena, lo cual viola la autonom\u00eda y esp\u00edritu de la m\u00e1xima casa de estudios.<\/p>\n","protected":false},"excerpt":{"rendered":"<p>Lisbeth Mej\u00eda Reyes\/Zona Roja. Oaxaca, Oax., a 4 de octubre de 2025.- Los conflictos en&hellip;<\/p>\n","protected":false},"author":2,"featured_media":85375,"comment_status":"closed","ping_status":"open","sticky":false,"template":"","format":"standard","meta":{"_lmt_disableupdate":"","_lmt_disable":"","_jetpack_memberships_contains_paid_content":false,"footnotes":""},"categories":[109,47],"tags":[305],"class_list":["post-85374","post","type-post","status-publish","format-standard","has-post-thumbnail","hentry","category-minuto-a-minuto","category-zona-gris","tag-steuabjo"],"jetpack_featured_media_url":"https:\/\/zonaroja.com.mx\/wp-content\/uploads\/2025\/10\/Protesta-UABJO-STEUABJO-Oaxaca-Universidad.jpg","jetpack_sharing_enabled":true,"_links":{"self":[{"href":"https:\/\/zonaroja.com.mx\/index.php?rest_route=\/wp\/v2\/posts\/85374","targetHints":{"allow":["GET"]}}],"collection":[{"href":"https:\/\/zonaroja.com.mx\/index.php?rest_route=\/wp\/v2\/posts"}],"about":[{"href":"https:\/\/zonaroja.com.mx\/index.php?rest_route=\/wp\/v2\/types\/post"}],"author":[{"embeddable":true,"href":"https:\/\/zonaroja.com.mx\/index.php?rest_route=\/wp\/v2\/users\/2"}],"replies":[{"embeddable":true,"href":"https:\/\/zonaroja.com.mx\/index.php?rest_route=%2Fwp%2Fv2%2Fcomments&post=85374"}],"version-history":[{"count":1,"href":"https:\/\/zonaroja.com.mx\/index.php?rest_route=\/wp\/v2\/posts\/85374\/revisions"}],"predecessor-version":[{"id":85376,"href":"https:\/\/zonaroja.com.mx\/index.php?rest_route=\/wp\/v2\/posts\/85374\/revisions\/85376"}],"wp:featuredmedia":[{"embeddable":true,"href":"https:\/\/zonaroja.com.mx\/index.php?rest_route=\/wp\/v2\/media\/85375"}],"wp:attachment":[{"href":"https:\/\/zonaroja.com.mx\/index.php?rest_route=%2Fwp%2Fv2%2Fmedia&parent=85374"}],"wp:term":[{"taxonomy":"category","embeddable":true,"href":"https:\/\/zonaroja.com.mx\/index.php?rest_route=%2Fwp%2Fv2%2Fcategories&post=85374"},{"taxonomy":"post_tag","embeddable":true,"href":"https:\/\/zonaroja.com.mx\/index.php?rest_route=%2Fwp%2Fv2%2Ftags&post=85374"}],"curies":[{"name":"wp","href":"https:\/\/api.w.org\/{rel}","templated":true}]}}