{"id":85377,"date":"2025-10-03T21:18:08","date_gmt":"2025-10-04T03:18:08","guid":{"rendered":"https:\/\/zonaroja.com.mx\/?p=85377"},"modified":"2025-10-03T21:18:12","modified_gmt":"2025-10-04T03:18:12","slug":"detienen-a-individuo-por-pederastia-y-abuso-sexual-en-la-zona-mixe","status":"publish","type":"post","link":"https:\/\/zonaroja.com.mx\/?p=85377","title":{"rendered":"Detienen a individuo por pederastia y abuso sexual en la zona Mixe"},"content":{"rendered":"\n<p>Redacci\u00f3n\/Zona Roja.<\/p>\n\n\n\n<p>Oaxaca, Oax., a 3 de octubre de 2025.- Tras la denuncia, en menos de una semana la Fiscal\u00eda General del Estado detuvo en la zona Mixe de Oaxaca a un presunto pederasta y abusador sexual.<\/p>\n\n\n\n<p>En un comunicado, inform\u00f3 que se trata de A. P. B., a quien acusan que cometi\u00f3 la agresi\u00f3n sexual el 28 de septiembre de 2025, cuando la v\u00edctima -un ni\u00f1o de siete a\u00f1os de edad, cuya identidad est\u00e1 reservada por ley- se encontraba al exterior de un domicilio ubicado en San Juan Bosco Chuxnab\u00e1n, perteneciente al municipio de San Miguel Quetzaltepec.<\/p>\n\n\n\n<p>La investigaci\u00f3n revela que una persona se acerc\u00f3 a la v\u00edctima y lo llev\u00f3 a un domicilio ubicado en la zona para agredirlo; posteriormente, la v\u00edctima logr\u00f3 escapar.<\/p>\n\n\n\n<p>Luego de recibir la denuncia, la Fiscal\u00eda de Oaxaca inici\u00f3 las investigaciones ministeriales -a trav\u00e9s de la Vicefiscal\u00eda General de Control Regional-, lo que permiti\u00f3 obtener una orden de aprehensi\u00f3n en contra de A. P. B., quien fue detenido y qued\u00f3 a disposici\u00f3n de las autoridades ministeriales correspondientes.<\/p>\n\n\n\n<p>En tanto, familiares pidieron el apoyo del activista Joaqu\u00edn Galv\u00e1n, para acompa\u00f1ar el caso, tras lo cual se estableci\u00f3 una ruta urgente con la Vicefiscal\u00eda de Control Regional.<\/p>\n\n\n\n<p>Luego de la aprehensi\u00f3n, el defensor de derechos humanos reconoci\u00f3 la actuaci\u00f3n inmediata de las autoridades de procuraci\u00f3n de justicia y las facilidades de la oficina del fiscal General, Bernardo Rodr\u00edguez Alamilla, para atender el caso.<\/p>\n\n\n\n<p>Asimismo, Joaqu\u00edn Galv\u00e1n pidi\u00f3 a la poblaci\u00f3n de la zona denunciar si alguien m\u00e1s fue v\u00edctima del presunto agresor sexual, pues se presume que hay m\u00e1s casos.<\/p>\n","protected":false},"excerpt":{"rendered":"<p>Redacci\u00f3n\/Zona Roja. Oaxaca, Oax., a 3 de octubre de 2025.- Tras la denuncia, en menos&hellip;<\/p>\n","protected":false},"author":2,"featured_media":85378,"comment_status":"closed","ping_status":"open","sticky":false,"template":"","format":"standard","meta":{"_lmt_disableupdate":"","_lmt_disable":"","_jetpack_memberships_contains_paid_content":false,"footnotes":""},"categories":[109,46],"tags":[494],"class_list":["post-85377","post","type-post","status-publish","format-standard","has-post-thumbnail","hentry","category-minuto-a-minuto","category-zona-blanca","tag-fiscalia-general-del-estado-de-oaxaca"],"jetpack_featured_media_url":"https:\/\/zonaroja.com.mx\/wp-content\/uploads\/2025\/10\/Detenido-abuso-sexual-pederasta-mixe-Chuxnaban.jpg","jetpack_sharing_enabled":true,"_links":{"self":[{"href":"https:\/\/zonaroja.com.mx\/index.php?rest_route=\/wp\/v2\/posts\/85377","targetHints":{"allow":["GET"]}}],"collection":[{"href":"https:\/\/zonaroja.com.mx\/index.php?rest_route=\/wp\/v2\/posts"}],"about":[{"href":"https:\/\/zonaroja.com.mx\/index.php?rest_route=\/wp\/v2\/types\/post"}],"author":[{"embeddable":true,"href":"https:\/\/zonaroja.com.mx\/index.php?rest_route=\/wp\/v2\/users\/2"}],"replies":[{"embeddable":true,"href":"https:\/\/zonaroja.com.mx\/index.php?rest_route=%2Fwp%2Fv2%2Fcomments&post=85377"}],"version-history":[{"count":1,"href":"https:\/\/zonaroja.com.mx\/index.php?rest_route=\/wp\/v2\/posts\/85377\/revisions"}],"predecessor-version":[{"id":85379,"href":"https:\/\/zonaroja.com.mx\/index.php?rest_route=\/wp\/v2\/posts\/85377\/revisions\/85379"}],"wp:featuredmedia":[{"embeddable":true,"href":"https:\/\/zonaroja.com.mx\/index.php?rest_route=\/wp\/v2\/media\/85378"}],"wp:attachment":[{"href":"https:\/\/zonaroja.com.mx\/index.php?rest_route=%2Fwp%2Fv2%2Fmedia&parent=85377"}],"wp:term":[{"taxonomy":"category","embeddable":true,"href":"https:\/\/zonaroja.com.mx\/index.php?rest_route=%2Fwp%2Fv2%2Fcategories&post=85377"},{"taxonomy":"post_tag","embeddable":true,"href":"https:\/\/zonaroja.com.mx\/index.php?rest_route=%2Fwp%2Fv2%2Ftags&post=85377"}],"curies":[{"name":"wp","href":"https:\/\/api.w.org\/{rel}","templated":true}]}}