{"id":85382,"date":"2025-10-04T08:57:00","date_gmt":"2025-10-04T14:57:00","guid":{"rendered":"https:\/\/zonaroja.com.mx\/?p=85382"},"modified":"2025-10-04T06:31:15","modified_gmt":"2025-10-04T12:31:15","slug":"semarnat-y-gobierno-de-oaxaca-certifican-arboles-notables","status":"publish","type":"post","link":"https:\/\/zonaroja.com.mx\/?p=85382","title":{"rendered":"Semarnat y gobierno de Oaxaca certifican \u00e1rboles notables\u00a0"},"content":{"rendered":"\n<p>Redacci\u00f3n\/Zona Roja.<\/p>\n\n\n\n<p>Oaxaca, Oax., a 4 de octubre de 2025.\u2013 Frente al milenario \u00e1rbol de Santa Mar\u00eda El Tule, el gobernador Salom\u00f3n Jara Cruz y la secretaria de Medio Ambiente y Recursos Naturales (Semarnat) del gobierno de M\u00e9xico, Alicia B\u00e1rcena Ibarra, entregaron ocho certificados de \u00c1rboles Notables e Hist\u00f3ricos a autoridades municipales.<\/p>\n\n\n\n<p>El mandatario estatal expres\u00f3 que este distintivo, que se otorga como parte de la Cuarta Declaratoria Estatal en favor del Patrimonio Natural, fortalece la protecci\u00f3n de \u00e1rboles con alto valor ambiental, cultural e hist\u00f3rico en las diferentes regiones del estado.<\/p>\n\n\n\n<p>\u201cHoy, frente a este \u00e1rbol legendario, reconocemos la labor de los municipios que protegen su patrimonio ambiental, porque cuidar estos gigantes vivos es cuidar nuestra memoria, agua, suelos y nuestra identidad\u201d, expres\u00f3 Jara Cruz.&nbsp;<\/p>\n\n\n\n<p>Los municipios que recibieron sus certificados fueron: San Pedro Mixtepec, San Juan Guichicovi, Magdalena Jaltepec, Magdalena Zahuatl\u00e1n, Loma Bonita, Santo Domingo Zanatepec y San Pablo Villa de Mitla, este \u00faltimo con dos reconocimientos. Entre las especies distinguidas se encuentran parotas, ahuehuetes, ceibas, higueras y mezquites.<\/p>\n\n\n\n<p>Como legado natural de inter\u00e9s p\u00fablico, social y ambiental, estos \u00e1rboles destacan por su porte, su incalculable valor paisaj\u00edstico, la belleza de los espacios donde se encuentran y por conformar parte del patrimonio cultural y natural de la identidad.<\/p>\n\n\n\n<p>COMPROMISO AMBIENTAL<\/p>\n\n\n\n<p>En su oportunidad, B\u00e1rcena Ibarra destac\u00f3 el compromiso del gobernador oaxaque\u00f1o con el medio ambiente y la preservaci\u00f3n de ejemplares que contribuyen a la identidad de los pueblos y la riqueza de Oaxaca, que se alinea con la pol\u00edtica ambiental y humanista que impulsa la Presidenta Claudia Sheinbaum Pardo.<\/p>\n\n\n\n<p>\u201cAdem\u00e1s de tener gigantes milenarios, tambi\u00e9n se preservan saberes y tradiciones, y en ellos habita la memoria que debemos preservar\u201d, dijo, al tiempo de se\u00f1alar que el \u00c1rbol del Tule es m\u00e1s que un \u00e1rbol, \u201ces un monumento natural y espiritual de M\u00e9xico y del mundo\u201d.<\/p>\n\n\n\n<figure class=\"wp-block-embed\"><div class=\"wp-block-embed__wrapper\">\n<div class=\"twitter-tweet\"><blockquote class=\"twitter-tweet\" data-lang=\"es\"><p lang=\"es\" dir=\"ltr\">Celebramos la entrega de certificados de \u00e1rboles notables hist\u00f3ricos en siete municipios, reconociendo la labor que realizan los pueblos oaxaque\u00f1os para su conservaci\u00f3n; proteger estos ejemplares, es proteger la memoria de nuestras culturas. <a href=\"https:\/\/t.co\/WK9cF0c7lj\">pic.twitter.com\/WK9cF0c7lj<\/a><\/p>&mdash; Salom\u00f3n Jara Cruz (@salomonj) <a href=\"https:\/\/twitter.com\/salomonj\/status\/1974328194607333626?ref_src=twsrc%5Etfw\">4 de octubre de 2025<\/a><\/blockquote><\/div>\n<\/div><\/figure>\n\n\n\n<p>CONSERVACI\u00d3N DE \u00c1REAS&nbsp;<\/p>\n\n\n\n<p>Por otra parte, en un acto efectuado en el Palacio de Gobierno, el mandatario y la titular de la Semarnat entregaron cinco reconocimientos a comunidades que se integran a la conservaci\u00f3n voluntaria de \u00c1reas Naturales Protegidas (ANP) de car\u00e1cter federal en el estado de Oaxaca.<\/p>\n\n\n\n<p>Al firmar el Acuerdo Marco de Coordinaci\u00f3n entre el Gobierno del Estado, Semarnat y Comisi\u00f3n Nacional de \u00c1reas Naturales Protegidas (Conanp), Jara Cruz destac\u00f3 que Oaxaca es el estado m\u00e1s biodiverso del pa\u00eds, en donde las comunidades y ejidos protegen los ecosistemas m\u00e1s valiosos de M\u00e9xico.&nbsp;<\/p>\n\n\n\n<p>Las comunidades que recibieron estos reconocimientos son: San Agust\u00edn de las Juntas; San Bartolom\u00e9 Quialana; Santiago Suchilquitongo y San Pedro Ixtlahuaca; as\u00ed como el ejido de Jalapa del Valle de San Felipe Tejal\u00e1pam, que en conjunto suman m\u00e1s de seis mil 800 hect\u00e1reas.<\/p>\n\n\n\n<p>VISITAN VIVERO<\/p>\n\n\n\n<p>Y en Santa Cruz Xoxocotl\u00e1n, Jara Cruz y Alicia B\u00e1rcena acudieron al vivero del bosque \u201cEl Tequio\u201d, donde se inform\u00f3 del programa Reforesta Oaxaca mediante el cual se trabaja en la reforestaci\u00f3n, sanidad, protecci\u00f3n y fomento de la riqueza natural.<\/p>\n\n\n\n<p>Esto mediante los 37 viveros establecidos en el estado, que producen 86 especies de \u00e1rboles y plantas nativas, con las cuales, a la fecha, se han restaurado 10 mil 500 hect\u00e1reas; detall\u00f3 la Comisi\u00f3n Estatal Forestal (Coesfo).<\/p>\n\n\n\n<p>La meta este a\u00f1o es reforestar 12 mil hect\u00e1reas y 20 mil hect\u00e1reas para el 2026; para ello se instalar\u00e1n 10 viveros m\u00e1s en la entidad. En estas acciones, el Gobierno de Oaxaca ha destinado 283 millones de pesos.<\/p>\n\n\n\n<p>En materia de sanidad, con una inversi\u00f3n de 19 millones de pesos, en 2025 se atiende un promedio de 9 mil hect\u00e1reas y se combate al insecto defoliador por tercer a\u00f1o consecutivo en las regiones: Sierra Sur, Costa, Mixteca y Sierra de Ju\u00e1rez; a trav\u00e9s de un m\u00e9todo innovador que emplea un dron.<\/p>\n","protected":false},"excerpt":{"rendered":"<p>Redacci\u00f3n\/Zona Roja. Oaxaca, Oax., a 4 de octubre de 2025.\u2013 Frente al milenario \u00e1rbol de&hellip;<\/p>\n","protected":false},"author":2,"featured_media":85383,"comment_status":"closed","ping_status":"open","sticky":false,"template":"","format":"standard","meta":{"_lmt_disableupdate":"","_lmt_disable":"","_jetpack_memberships_contains_paid_content":false,"footnotes":""},"categories":[109,46],"tags":[939],"class_list":["post-85382","post","type-post","status-publish","format-standard","has-post-thumbnail","hentry","category-minuto-a-minuto","category-zona-blanca","tag-salomon-jara-cruz"],"jetpack_featured_media_url":"https:\/\/zonaroja.com.mx\/wp-content\/uploads\/2025\/10\/Gobernador-Salomon-Jara-y-Semarnat.jpg","jetpack_sharing_enabled":true,"_links":{"self":[{"href":"https:\/\/zonaroja.com.mx\/index.php?rest_route=\/wp\/v2\/posts\/85382","targetHints":{"allow":["GET"]}}],"collection":[{"href":"https:\/\/zonaroja.com.mx\/index.php?rest_route=\/wp\/v2\/posts"}],"about":[{"href":"https:\/\/zonaroja.com.mx\/index.php?rest_route=\/wp\/v2\/types\/post"}],"author":[{"embeddable":true,"href":"https:\/\/zonaroja.com.mx\/index.php?rest_route=\/wp\/v2\/users\/2"}],"replies":[{"embeddable":true,"href":"https:\/\/zonaroja.com.mx\/index.php?rest_route=%2Fwp%2Fv2%2Fcomments&post=85382"}],"version-history":[{"count":1,"href":"https:\/\/zonaroja.com.mx\/index.php?rest_route=\/wp\/v2\/posts\/85382\/revisions"}],"predecessor-version":[{"id":85384,"href":"https:\/\/zonaroja.com.mx\/index.php?rest_route=\/wp\/v2\/posts\/85382\/revisions\/85384"}],"wp:featuredmedia":[{"embeddable":true,"href":"https:\/\/zonaroja.com.mx\/index.php?rest_route=\/wp\/v2\/media\/85383"}],"wp:attachment":[{"href":"https:\/\/zonaroja.com.mx\/index.php?rest_route=%2Fwp%2Fv2%2Fmedia&parent=85382"}],"wp:term":[{"taxonomy":"category","embeddable":true,"href":"https:\/\/zonaroja.com.mx\/index.php?rest_route=%2Fwp%2Fv2%2Fcategories&post=85382"},{"taxonomy":"post_tag","embeddable":true,"href":"https:\/\/zonaroja.com.mx\/index.php?rest_route=%2Fwp%2Fv2%2Ftags&post=85382"}],"curies":[{"name":"wp","href":"https:\/\/api.w.org\/{rel}","templated":true}]}}