{"id":85390,"date":"2025-10-04T11:00:00","date_gmt":"2025-10-04T17:00:00","guid":{"rendered":"https:\/\/zonaroja.com.mx\/?p=85390"},"modified":"2025-10-04T07:18:18","modified_gmt":"2025-10-04T13:18:18","slug":"mataron-y-enterraron-a-una-mujer-en-san-antonio-de-la-cal-los-sentencian-a-124-anos","status":"publish","type":"post","link":"https:\/\/zonaroja.com.mx\/?p=85390","title":{"rendered":"Mataron y enterraron a una mujer en San Antonio de la Cal; los sentencian a 124 a\u00f1os"},"content":{"rendered":"\n<p>Redacci\u00f3n\/Zona Roja.&nbsp;<\/p>\n\n\n\n<p>Oaxaca, Oax., a 4 de octubre de 2025.- La Fiscal\u00eda General del Estado de Oaxaca (FGEO) obtuvo sentencia condenatoria en contra tres personas: una mujer identificada como D.M.D.G. y dos hombres identificados como H.A.P.R. y J.G.M.R., por su responsabilidad en la comisi\u00f3n de los delitos de homicidio calificado con las agravantes de premeditaci\u00f3n, ventaja y alevos\u00eda e inhumaci\u00f3n clandestina, por lo que dos de ellos fueron sentenciados a 42 a\u00f1os de prisi\u00f3n para cada uno y otro de 40 a\u00f1os de prisi\u00f3n.<\/p>\n\n\n\n<p>De acuerdo con la causa penal, los hechos ocurrieron el 23 de febrero de 2016, en un domicilio ubicado en la calle 16 de septiembre de la colonia Buenos Aires en la cuarta secci\u00f3n del municipio de San Antonio de la Cal, en la regi\u00f3n de los Valles Centrales.<\/p>\n\n\n\n<p>En el lugar, la sentenciada D.M.D.G. (hija de v\u00edctima) llev\u00f3 a dos personas del sexo masculino a quienes dio indicaciones para agredir f\u00edsicamente a M.S.G.B.<\/p>\n\n\n\n<p>La investigaci\u00f3n revela que, en el lugar, uno de los agresores derrib\u00f3 a la v\u00edctima con un golpe en la cabeza, posteriormente le quitaron la vida, la autopsia revel\u00f3 que la causa del fallecimiento fue asfixia por estrangulamiento.<\/p>\n\n\n\n<p>Enseguida, los responsables envolvieron el cuerpo sin vida de la v\u00edctima para trasladarlo a bordo de un veh\u00edculo con direcci\u00f3n a una barranca ubicada en la poblaci\u00f3n de Texas de Morelos, en el municipio de Ocotl\u00e1n de Morelos, en donde arrojaron a la v\u00edctima, con la intenci\u00f3n de ocultar el delito.&nbsp;<\/p>\n\n\n\n<p>Ante estos hechos, la FGEO inici\u00f3 las investigaciones correspondientes -a trav\u00e9s de la Vicefiscal\u00eda de Control Regional- las cuales permitieron trazar las l\u00edneas de investigaci\u00f3n que llevaron a la obtenci\u00f3n de \u00f3rdenes de aprehensi\u00f3n por lo que hicieron los trabajos de localizaci\u00f3n y posterior detenci\u00f3n de D.M.D.G., H.A.P.R. y J.G.M.R., quienes fueron puestos a disposici\u00f3n de la autoridad correspondiente.<\/p>\n\n\n\n<p>Derivado de las investigaciones presentadas por la Fiscal\u00eda de Oaxaca, el Tribunal de Enjuiciamiento determin\u00f3 dictar sentencia condenatoria en contra de tres responsables: a D.M.D.G. y J.G.M.R. les impusieron una pena de 42 a\u00f1os de prisi\u00f3n, en tanto que a H.A.P.R., se le impuso una condena de 40 a\u00f1os de prisi\u00f3n por la comisi\u00f3n de los delitos de homicidio calificado con las agravantes de premeditaci\u00f3n, ventaja y alevos\u00eda e inhumaci\u00f3n clandestina.<\/p>\n\n\n\n<p>HOMICIDA DETENIDO<\/p>\n\n\n\n<p>En otro caso, la Fiscal\u00eda General ejecut\u00f3 una orden de aprehensi\u00f3n en contra de una persona del sexo masculino identificado como C.H.B., por el delito de homicidio calificado con ventaja hechos ocurridos en la Sierra Sur.<\/p>\n\n\n\n<p>De acuerdo con la carpeta de investigaci\u00f3n los hechos ocurrieron el 4 de noviembre de 2020, cuando la v\u00edctima se encontraba en el centro de Miahuatl\u00e1n de Porfirio D\u00edaz, lugar en el que fue agredido con un arma de fuego, sufriendo lesiones que le provocaron la muerte.<\/p>\n\n\n\n<p>Por estos hechos, la Fiscal\u00eda de Oaxaca a trav\u00e9s de la Vicefiscal\u00eda Regional de Valles Centrales, realiz\u00f3 la investigaci\u00f3n correspondiente mediante un equipo multidisciplinario, lo que permiti\u00f3 obtener la orden de aprehensi\u00f3n, por lo que en colaboraci\u00f3n con la Agencia Estatal de Investigaciones realizaron las labores de b\u00fasqueda y localizaci\u00f3n del imputado.<\/p>\n\n\n\n<p>Tras la ejecuci\u00f3n de la orden de aprehensi\u00f3n, C.H.B. fue puesto a disposici\u00f3n de la autoridad ministerial correspondiente para que se determine su situaci\u00f3n jur\u00eddica.<\/p>\n\n\n\n<p>CATEO EN MITLA<\/p>\n\n\n\n<p>Por otra parte, la Fiscal\u00eda General dio cumplimiento a una orden de cateo en un domicilio de San Pablo Villa de Mitla, logrando la detenci\u00f3n de una persona, as\u00ed como el aseguramiento de cannabis sativa y cristal.<\/p>\n\n\n\n<p>Este despliegue estrat\u00e9gico de seguridad fue encabezado por elementos de la Agencia Estatal de Investigaciones (AEI) adscritos a la Vicefiscal\u00eda Regional de Valles Centrales, en coordinaci\u00f3n con elementos de la Secretar\u00eda de la Defensa Nacional (Defensa) y deriva de labores ministeriales en torno al delito de robo con violencia.<\/p>\n\n\n\n<p>Derivado del mandato judicial, el operativo se realiz\u00f3 en un domicilio ubicado en la calle Allende en San Pablo Villa de Mitla, en donde los efectivos aseguraron diversas dosis de cannabis sativa y cristal, adem\u00e1s que se llev\u00f3 a cabo la detenci\u00f3n de una persona del sexo masculino identificada como J.J.G.G. alias \u201cEl Chucho Loco\u201d.<\/p>\n\n\n\n<p>Tanto la persona detenida como lo asegurado quedaron a disposici\u00f3n de la autoridad ministerial correspondiente para resolver su situaci\u00f3n jur\u00eddica.<\/p>\n","protected":false},"excerpt":{"rendered":"<p>Redacci\u00f3n\/Zona Roja.&nbsp; Oaxaca, Oax., a 4 de octubre de 2025.- La Fiscal\u00eda General del Estado&hellip;<\/p>\n","protected":false},"author":2,"featured_media":85391,"comment_status":"closed","ping_status":"open","sticky":false,"template":"","format":"standard","meta":{"_lmt_disableupdate":"","_lmt_disable":"","_jetpack_memberships_contains_paid_content":false,"footnotes":""},"categories":[109,46],"tags":[494],"class_list":["post-85390","post","type-post","status-publish","format-standard","has-post-thumbnail","hentry","category-minuto-a-minuto","category-zona-blanca","tag-fiscalia-general-del-estado-de-oaxaca"],"jetpack_featured_media_url":"https:\/\/zonaroja.com.mx\/wp-content\/uploads\/2025\/10\/Mataron-y-enterraron-a-mujer-en-San-Antonio-de-la-Cal.jpg","jetpack_sharing_enabled":true,"_links":{"self":[{"href":"https:\/\/zonaroja.com.mx\/index.php?rest_route=\/wp\/v2\/posts\/85390","targetHints":{"allow":["GET"]}}],"collection":[{"href":"https:\/\/zonaroja.com.mx\/index.php?rest_route=\/wp\/v2\/posts"}],"about":[{"href":"https:\/\/zonaroja.com.mx\/index.php?rest_route=\/wp\/v2\/types\/post"}],"author":[{"embeddable":true,"href":"https:\/\/zonaroja.com.mx\/index.php?rest_route=\/wp\/v2\/users\/2"}],"replies":[{"embeddable":true,"href":"https:\/\/zonaroja.com.mx\/index.php?rest_route=%2Fwp%2Fv2%2Fcomments&post=85390"}],"version-history":[{"count":1,"href":"https:\/\/zonaroja.com.mx\/index.php?rest_route=\/wp\/v2\/posts\/85390\/revisions"}],"predecessor-version":[{"id":85392,"href":"https:\/\/zonaroja.com.mx\/index.php?rest_route=\/wp\/v2\/posts\/85390\/revisions\/85392"}],"wp:featuredmedia":[{"embeddable":true,"href":"https:\/\/zonaroja.com.mx\/index.php?rest_route=\/wp\/v2\/media\/85391"}],"wp:attachment":[{"href":"https:\/\/zonaroja.com.mx\/index.php?rest_route=%2Fwp%2Fv2%2Fmedia&parent=85390"}],"wp:term":[{"taxonomy":"category","embeddable":true,"href":"https:\/\/zonaroja.com.mx\/index.php?rest_route=%2Fwp%2Fv2%2Fcategories&post=85390"},{"taxonomy":"post_tag","embeddable":true,"href":"https:\/\/zonaroja.com.mx\/index.php?rest_route=%2Fwp%2Fv2%2Ftags&post=85390"}],"curies":[{"name":"wp","href":"https:\/\/api.w.org\/{rel}","templated":true}]}}