{"id":85399,"date":"2025-10-04T18:43:39","date_gmt":"2025-10-05T00:43:39","guid":{"rendered":"https:\/\/zonaroja.com.mx\/?p=85399"},"modified":"2025-10-04T18:43:39","modified_gmt":"2025-10-05T00:43:39","slug":"insiste-seccion-22-en-reconocimiento-de-la-direccion-general-de-los-pueblos-originarios","status":"publish","type":"post","link":"https:\/\/zonaroja.com.mx\/?p=85399","title":{"rendered":"Insiste Secci\u00f3n 22 en reconocimiento de la Direcci\u00f3n General de los Pueblos Originarios"},"content":{"rendered":"\n<p>Lisbeth Mej\u00eda Reyes\/Zona Roja.&nbsp;<\/p>\n\n\n\n<p>Oaxaca, Oax., a 4 de octubre de 2025.- Docentes adheridos a la Secci\u00f3n 22 del Sindicato Nacional de Trabajadores de la Educaci\u00f3n (SNTE) marcharon este s\u00e1bado del monumento a Ju\u00e1rez al z\u00f3calo de la ciudad de Oaxaca para exigir al gobierno estatal y federal que reconozcan a la Direcci\u00f3n General de los Pueblos Originarios de Oaxaca (DGEPOO), creada en el 2019.<\/p>\n\n\n\n<p>\u00abA m\u00e1s de seis a\u00f1os de este nombramiento, este nivel educativo se ha mantenido en la resistencia con el nombramiento de esta direcci\u00f3n\u00bb, explic\u00f3 uno de los docentes sobre la protesta que seguir\u00e1 con un paro de 48 horas, seg\u00fan lo dicho posteriormente en su mitin en el z\u00f3calo.<\/p>\n\n\n\n<p>Las necesidades en este nivel educativo son infinitas, apunt\u00f3 uno de los integrantes, entre estas: personal docente y administrativo en las escuelas.&nbsp;<\/p>\n\n\n\n<p>\u00abLos compa\u00f1eros que integran la Direcci\u00f3n General de los Pueblos Originarios han emprendido una labor importante en el \u00e1mbito pedag\u00f3gico y administrativo. Sin embargo, hace falta el reconocimiento y como Secci\u00f3n 22 nos vamos a mantener en resistencia\u00bb, expres\u00f3.<\/p>\n\n\n\n<p>De acuerdo con las y los docentes, antes del decreto de 2015, el nivel de Pueblos Originarios contaba con un techo presupuestal.&nbsp;<\/p>\n\n\n\n<p>Sin embargo, con la jubilaci\u00f3n de sus compa\u00f1eros, las autoridades ya no han reemplazado al personal saliente ni asignado m\u00e1s recursos.<\/p>\n\n\n\n<p>Este nivel educativo se nutre \u00fanicamente de quienes egresan de la Escuela Normal Biling\u00fce e Intercultural de Oaxaca (ENBIO), pero explicaron que el personal sigue siendo insuficientes. De ah\u00ed la necesidad de que se reconozca a la direcci\u00f3n para garantizar las actividades administrativas y presupuesto del nivel de Pueblos Originarios.<\/p>\n\n\n\n<p>Con el decreto del 2015, por el que el gobierno estatal modific\u00f3 la estructura del IEEPO para devolverle el control de la educaci\u00f3n a la federaci\u00f3n, las y los agremiados del nivel de Educaci\u00f3n de Pueblos Originarios se\u00f1alaron que sus compa\u00f1eros han disminuido de 16 mil a aproximadamente 13 mil. Esto a pesar de ser la segunda fuerza al interior de la Secci\u00f3n 22.&nbsp;<\/p>\n\n\n\n<p>Con aquel decreto, la entonces administraci\u00f3n de Gabino Cu\u00e9 Monteagudo tambi\u00e9n rest\u00f3 poder a la Secci\u00f3n 22, al dejarla sin participaci\u00f3n en las decisiones del instituto.<\/p>\n\n\n\n<p>En su estructura, el IEEPO abarca 11 direcciones, entre estas las de planeaci\u00f3n educativa, desarrollo educativo y la de tecnolog\u00edas educativas.<\/p>\n\n\n\n<p>Luego de esta marcha, se espera el paro de 48 horas, en espera de respuestas a sus demandas. De no conseguirlas, seguir\u00e1 un paro de 72 horas y posteriormente ser\u00e1 indefinido.<\/p>\n\n\n\n<p>Las y los docentes del nivel de Pueblos Originarios tambi\u00e9n se solidarizaron con la protesta que desde el pasado lunes emprendi\u00f3 un grupo de supervisores y jefes de sector de la Secci\u00f3n 22, quienes han bloqueado la ciudad y mantienen un plant\u00f3n en el corredor del Palacio de Gobierno.<\/p>\n","protected":false},"excerpt":{"rendered":"<p>Lisbeth Mej\u00eda Reyes\/Zona Roja.&nbsp; Oaxaca, Oax., a 4 de octubre de 2025.- Docentes adheridos a&hellip;<\/p>\n","protected":false},"author":2,"featured_media":85398,"comment_status":"closed","ping_status":"open","sticky":false,"template":"","format":"standard","meta":{"_lmt_disableupdate":"","_lmt_disable":"","_jetpack_memberships_contains_paid_content":false,"footnotes":""},"categories":[1,47],"tags":[312],"class_list":["post-85399","post","type-post","status-publish","format-standard","has-post-thumbnail","hentry","category-sin-categoria","category-zona-gris","tag-seccion-22-del-snte"],"jetpack_featured_media_url":"https:\/\/zonaroja.com.mx\/wp-content\/uploads\/2025\/10\/43a52fcd-084d-4ae0-b605-06d6ced8756e.jpg","jetpack_sharing_enabled":true,"_links":{"self":[{"href":"https:\/\/zonaroja.com.mx\/index.php?rest_route=\/wp\/v2\/posts\/85399","targetHints":{"allow":["GET"]}}],"collection":[{"href":"https:\/\/zonaroja.com.mx\/index.php?rest_route=\/wp\/v2\/posts"}],"about":[{"href":"https:\/\/zonaroja.com.mx\/index.php?rest_route=\/wp\/v2\/types\/post"}],"author":[{"embeddable":true,"href":"https:\/\/zonaroja.com.mx\/index.php?rest_route=\/wp\/v2\/users\/2"}],"replies":[{"embeddable":true,"href":"https:\/\/zonaroja.com.mx\/index.php?rest_route=%2Fwp%2Fv2%2Fcomments&post=85399"}],"version-history":[{"count":1,"href":"https:\/\/zonaroja.com.mx\/index.php?rest_route=\/wp\/v2\/posts\/85399\/revisions"}],"predecessor-version":[{"id":85400,"href":"https:\/\/zonaroja.com.mx\/index.php?rest_route=\/wp\/v2\/posts\/85399\/revisions\/85400"}],"wp:featuredmedia":[{"embeddable":true,"href":"https:\/\/zonaroja.com.mx\/index.php?rest_route=\/wp\/v2\/media\/85398"}],"wp:attachment":[{"href":"https:\/\/zonaroja.com.mx\/index.php?rest_route=%2Fwp%2Fv2%2Fmedia&parent=85399"}],"wp:term":[{"taxonomy":"category","embeddable":true,"href":"https:\/\/zonaroja.com.mx\/index.php?rest_route=%2Fwp%2Fv2%2Fcategories&post=85399"},{"taxonomy":"post_tag","embeddable":true,"href":"https:\/\/zonaroja.com.mx\/index.php?rest_route=%2Fwp%2Fv2%2Ftags&post=85399"}],"curies":[{"name":"wp","href":"https:\/\/api.w.org\/{rel}","templated":true}]}}