{"id":85402,"date":"2025-10-05T07:45:00","date_gmt":"2025-10-05T13:45:00","guid":{"rendered":"https:\/\/zonaroja.com.mx\/?p=85402"},"modified":"2025-10-05T06:56:12","modified_gmt":"2025-10-05T12:56:12","slug":"emboscan-a-triquis-y-matan-a-un-hombre-y-una-mujer-hay-tres-lesionadas","status":"publish","type":"post","link":"https:\/\/zonaroja.com.mx\/?p=85402","title":{"rendered":"Emboscan a triquis y matan a un hombre y una mujer; hay tres lesionadas"},"content":{"rendered":"\n<p>Ismael Garc\u00eda M.\/Zona Roja.<\/p>\n\n\n\n<p>Oaxaca, Oax., a 5 de octubre de 2025.- Un hombre y una mujer asesinados, as\u00ed como tres personas heridas, es el saldo de una emboscada y ataque armado en contra de una familia en la zona triqui del estado de Oaxaca.<\/p>\n\n\n\n<p>El Movimiento de Unificaci\u00f3n y Lucha Triqui (MULT) reconoci\u00f3 a las v\u00edctimas como sus militantes y culp\u00f3 de ello a los dirigentes del MULT, organizaci\u00f3n antag\u00f3nica en la regi\u00f3n Mixteca.<\/p>\n\n\n\n<p>Los hechos sucedieron minutos antes de las 18:00 horas en la carretera local Carrizal-Santiago Juxtlahuaca, a la altura de la comunidad de Concepci\u00f3n Carrizal Copala, cuando fue atacada la camioneta en que viajaban las v\u00edctimas.<\/p>\n\n\n\n<p>Las personas fallecidas fueron identificadas como Alfredo Mart\u00ednez Gonz\u00e1lez y Francisca Garc\u00eda Mart\u00ednez; adem\u00e1s resultaron heridas de gravedad Rafaela Flores Guzm\u00e1n, Marcelina Mart\u00ednez Bautista y Paulina Celestino.<\/p>\n\n\n\n<p>\u201cNo fue un hecho aislado. Fue una operaci\u00f3n planificada por los mismos caciques que han impuesto el terror en nuestra tierra.&nbsp;<\/p>\n\n\n\n<p>\u201cSe\u00f1alamos con nombre y apellido a los responsables materiales e intelectuales que desde la impunidad han ordenado y sostenido la violencia en la regi\u00f3n: Emelia Ortiz, Eleazar Ortiz, Antonio Ram\u00edrez Mart\u00ednez, Florentino Ortiz y Epifanio Ortiz.<\/p>\n\n\n\n<p>\u201cEllos, protegidos por el pacto de impunidad que mantiene el gobierno con los poderosos, son los art\u00edfices de desplazamiento, miedo y muerte que han perpetrado contra nuestra naci\u00f3n triqui por a\u00f1os\u201d, expuso el MULTI en un comunicado.<\/p>\n\n\n\n<p>Demand\u00f3 una investigaci\u00f3n \u00e1gil y veraz, con la finalidad de que se finquen responsabilidades a quienes resulten responsables tanto de los hechos materiales como los intelectuales.<\/p>\n\n\n\n<p>Anunci\u00f3: \u201cVienen d\u00edas de movilizaci\u00f3n, de acciones pac\u00edficas, de bloqueo de la impunidad y de grito colectivo. Nuestra respuesta ser\u00e1 la resistencia organizada: marchas, plantones, boicot a la impunidad, memoria colectiva y denuncia hasta que la justicia se haga presente\u201d.<\/p>\n","protected":false},"excerpt":{"rendered":"<p>Ismael Garc\u00eda M.\/Zona Roja. Oaxaca, Oax., a 5 de octubre de 2025.- Un hombre y&hellip;<\/p>\n","protected":false},"author":2,"featured_media":85405,"comment_status":"closed","ping_status":"open","sticky":false,"template":"","format":"standard","meta":{"_lmt_disableupdate":"","_lmt_disable":"","_jetpack_memberships_contains_paid_content":false,"footnotes":""},"categories":[109,51],"tags":[2411,352],"class_list":["post-85402","post","type-post","status-publish","format-standard","has-post-thumbnail","hentry","category-minuto-a-minuto","category-zona-roja","tag-movimiento-de-unificacion-y-lucha-triqui-independiente-multi","tag-triquis"],"jetpack_featured_media_url":"https:\/\/zonaroja.com.mx\/wp-content\/uploads\/2025\/10\/ASesinados-hombre-y-mujer-triquis-Copala-MULTI.jpg","jetpack_sharing_enabled":true,"_links":{"self":[{"href":"https:\/\/zonaroja.com.mx\/index.php?rest_route=\/wp\/v2\/posts\/85402","targetHints":{"allow":["GET"]}}],"collection":[{"href":"https:\/\/zonaroja.com.mx\/index.php?rest_route=\/wp\/v2\/posts"}],"about":[{"href":"https:\/\/zonaroja.com.mx\/index.php?rest_route=\/wp\/v2\/types\/post"}],"author":[{"embeddable":true,"href":"https:\/\/zonaroja.com.mx\/index.php?rest_route=\/wp\/v2\/users\/2"}],"replies":[{"embeddable":true,"href":"https:\/\/zonaroja.com.mx\/index.php?rest_route=%2Fwp%2Fv2%2Fcomments&post=85402"}],"version-history":[{"count":1,"href":"https:\/\/zonaroja.com.mx\/index.php?rest_route=\/wp\/v2\/posts\/85402\/revisions"}],"predecessor-version":[{"id":85406,"href":"https:\/\/zonaroja.com.mx\/index.php?rest_route=\/wp\/v2\/posts\/85402\/revisions\/85406"}],"wp:featuredmedia":[{"embeddable":true,"href":"https:\/\/zonaroja.com.mx\/index.php?rest_route=\/wp\/v2\/media\/85405"}],"wp:attachment":[{"href":"https:\/\/zonaroja.com.mx\/index.php?rest_route=%2Fwp%2Fv2%2Fmedia&parent=85402"}],"wp:term":[{"taxonomy":"category","embeddable":true,"href":"https:\/\/zonaroja.com.mx\/index.php?rest_route=%2Fwp%2Fv2%2Fcategories&post=85402"},{"taxonomy":"post_tag","embeddable":true,"href":"https:\/\/zonaroja.com.mx\/index.php?rest_route=%2Fwp%2Fv2%2Ftags&post=85402"}],"curies":[{"name":"wp","href":"https:\/\/api.w.org\/{rel}","templated":true}]}}