{"id":85407,"date":"2025-10-05T08:45:00","date_gmt":"2025-10-05T14:45:00","guid":{"rendered":"https:\/\/zonaroja.com.mx\/?p=85407"},"modified":"2025-10-05T06:59:10","modified_gmt":"2025-10-05T12:59:10","slug":"realiza-ayuntamiento-acciones-de-rehabilitacion-permanente-en-centro-historico","status":"publish","type":"post","link":"https:\/\/zonaroja.com.mx\/?p=85407","title":{"rendered":"Realiza ayuntamiento acciones de rehabilitaci\u00f3n permanente en Centro Hist\u00f3rico"},"content":{"rendered":"\n<p>Redacci\u00f3n\/Zona Roja.<\/p>\n\n\n\n<p>Oaxaca, Oax., a 4 de octubre de 2025.- Con el objetivo de consolidar una ciudad limpia y segura, y en cumplimiento a las instrucciones del presidente municipal Ray Chagoya, la Secretar\u00eda de Obras P\u00fablicas y Desarrollo Urbano, a trav\u00e9s de las Cuadrillas del Centro Hist\u00f3rico, refuerza de manera constante las labores de saneamiento, limpieza y mantenimiento en el primer cuadro de la capital.<\/p>\n\n\n\n<p>Durante el tercer trimestre de este a\u00f1o se realizaron importantes trabajos de pintura en guarniciones de avenidas principales, entre ellas la calzada Madero, la avenida Independencia y 20 de Noviembre.&nbsp;<\/p>\n\n\n\n<p>Asimismo, se ejecutaron 30 acciones de retiro de contaminaci\u00f3n visual en diferentes calles del Centro Hist\u00f3rico, contribuyendo a mejorar la est\u00e9tica urbana.<\/p>\n\n\n\n<p>Las tareas de lavado a presi\u00f3n tambi\u00e9n fueron prioritarias, abarcando espacios p\u00fablicos emblem\u00e1ticos como el Paseo Ju\u00e1rez \u201cEl Llano\u201d, el Palacio Municipal, la Alameda de Le\u00f3n, el jard\u00edn San Pablo, el jard\u00edn Conzantti y el parque Labastida, adem\u00e1s de diversas calles del primer cuadro que requieren atenci\u00f3n permanente.<\/p>\n\n\n\n<p>En materia de embellecimiento, se pintaron jardineras en el cerro del \u201cFort\u00edn\u201d, la Plaza de la Danza, la calzada de la Rep\u00fablica, el bulevar Eduardo Vasconcelos, la Plazuela Cuarto Centenario y en \u00e1reas de monumentos hist\u00f3ricos.&nbsp;<\/p>\n\n\n\n<p>De igual manera, se dio mantenimiento al mobiliario urbano en puntos representativos como el templo de La Merced, \u201cEl Llano\u201d, la Alameda de Le\u00f3n y el jard\u00edn Carbajal.<\/p>\n\n\n\n<p>Estas acciones reflejan el compromiso del Gobierno Municipal por preservar y embellecer el patrimonio urbano de Oaxaca de Ju\u00e1rez, garantizando un entorno agradable y digno para sus habitantes y visitantes.<\/p>\n","protected":false},"excerpt":{"rendered":"<p>Redacci\u00f3n\/Zona Roja. Oaxaca, Oax., a 4 de octubre de 2025.- Con el objetivo de consolidar&hellip;<\/p>\n","protected":false},"author":2,"featured_media":85403,"comment_status":"closed","ping_status":"open","sticky":false,"template":"","format":"standard","meta":{"_lmt_disableupdate":"","_lmt_disable":"","_jetpack_memberships_contains_paid_content":false,"footnotes":""},"categories":[109,46],"tags":[148],"class_list":["post-85407","post","type-post","status-publish","format-standard","has-post-thumbnail","hentry","category-minuto-a-minuto","category-zona-blanca","tag-oaxaca-de-juarez"],"jetpack_featured_media_url":"https:\/\/zonaroja.com.mx\/wp-content\/uploads\/2025\/10\/Acciones-ayuntamiento-ciudad-de-Oaxaca.jpg","jetpack_sharing_enabled":true,"_links":{"self":[{"href":"https:\/\/zonaroja.com.mx\/index.php?rest_route=\/wp\/v2\/posts\/85407","targetHints":{"allow":["GET"]}}],"collection":[{"href":"https:\/\/zonaroja.com.mx\/index.php?rest_route=\/wp\/v2\/posts"}],"about":[{"href":"https:\/\/zonaroja.com.mx\/index.php?rest_route=\/wp\/v2\/types\/post"}],"author":[{"embeddable":true,"href":"https:\/\/zonaroja.com.mx\/index.php?rest_route=\/wp\/v2\/users\/2"}],"replies":[{"embeddable":true,"href":"https:\/\/zonaroja.com.mx\/index.php?rest_route=%2Fwp%2Fv2%2Fcomments&post=85407"}],"version-history":[{"count":1,"href":"https:\/\/zonaroja.com.mx\/index.php?rest_route=\/wp\/v2\/posts\/85407\/revisions"}],"predecessor-version":[{"id":85408,"href":"https:\/\/zonaroja.com.mx\/index.php?rest_route=\/wp\/v2\/posts\/85407\/revisions\/85408"}],"wp:featuredmedia":[{"embeddable":true,"href":"https:\/\/zonaroja.com.mx\/index.php?rest_route=\/wp\/v2\/media\/85403"}],"wp:attachment":[{"href":"https:\/\/zonaroja.com.mx\/index.php?rest_route=%2Fwp%2Fv2%2Fmedia&parent=85407"}],"wp:term":[{"taxonomy":"category","embeddable":true,"href":"https:\/\/zonaroja.com.mx\/index.php?rest_route=%2Fwp%2Fv2%2Fcategories&post=85407"},{"taxonomy":"post_tag","embeddable":true,"href":"https:\/\/zonaroja.com.mx\/index.php?rest_route=%2Fwp%2Fv2%2Ftags&post=85407"}],"curies":[{"name":"wp","href":"https:\/\/api.w.org\/{rel}","templated":true}]}}