{"id":85409,"date":"2025-10-05T09:45:00","date_gmt":"2025-10-05T15:45:00","guid":{"rendered":"https:\/\/zonaroja.com.mx\/?p=85409"},"modified":"2025-10-05T07:02:20","modified_gmt":"2025-10-05T13:02:20","slug":"detienen-al-ex-futbolista-omar-bravo-por-presunto-abuso-sexual-de-menor","status":"publish","type":"post","link":"https:\/\/zonaroja.com.mx\/?p=85409","title":{"rendered":"Detienen al ex futbolista Omar Bravo por presunto abuso sexual de menor"},"content":{"rendered":"\n<p>Redacci\u00f3n\/Zona Roja.<\/p>\n\n\n\n<p>(Informaci\u00f3n de \u201cLa Jornada\u201d)<\/p>\n\n\n\n<p>Ciudad de M\u00e9xico, a 5 de octubre de 2025.- Omar Bravo Tordecillas, m\u00e1ximo goleador hist\u00f3rico del club Guadalajara, fue detenido el s\u00e1bado por el presunto delito de abuso sexual a un menor en el centro de Zapopan, inform\u00f3 la Fiscal\u00eda de Jalisco.<\/p>\n\n\n\n<p>\u00abPor su presunta responsabilidad en el delito de abuso sexual infantil agravado, elementos de la polic\u00eda de investigaci\u00f3n adscritos a la Vicefiscal\u00eda en Investigaci\u00f3n Especializada en Atenci\u00f3n a Mujeres, Ni\u00f1as, Ni\u00f1os y Adolescentes, Raz\u00f3n de G\u00e9nero y Familia, logr\u00f3 capturar a un hombre\u00bb, indic\u00f3 la Fiscal\u00eda.<\/p>\n\n\n\n<p>Seg\u00fan una ficha del Registro Nacional de Detenciones, el mexicano de 44 a\u00f1os, fue capturado en la calle 20 de Noviembre entre la calle 28 de Enero y Emiliano Zapata, por agentes de la polic\u00eda de investigaci\u00f3n y puesto a disposici\u00f3n del Ministerio P\u00fablico.<\/p>\n\n\n\n<p>En la denuncia se se\u00f1ala que el acusado \u201chabr\u00eda abusado de una adolescente en distintas ocasiones en los \u00faltimos meses\u201d y se presume que anteriormente habr\u00eda cometido acciones similares.<\/p>\n\n\n\n<p>\u00abLuego de la denuncia presentada, esta Representaci\u00f3n Social integr\u00f3 una consistente carpeta de investigaci\u00f3n con la que se pudo obtener una orden de aprehensi\u00f3n en contra del se\u00f1alado, a trav\u00e9s del Juzgado D\u00e9cimo de Control, Enjuiciamiento y Justicia Integral para Adolescentes, del Primer Distrito Judicial\u00bb, se puede leer en el documento.<\/p>\n\n\n\n<p>Omar Bravo ser\u00e1 puesto a disposici\u00f3n de un juez en Puente Grande, quien determinar\u00e1 la situaci\u00f3n legal del ex seleccionado nacional.<\/p>\n\n\n\n<p>Bravo destac\u00f3 como jugador cuando fue integrante con Chivas desde el 2000 hasta 2007 cuando despu\u00e9s emigr\u00f3 a Europa para jugar con el Deportivo La Coru\u00f1a. Con casi 20 a\u00f1os de carrera en las canchas tambi\u00e9n fue parte de la selecci\u00f3n mexicana con la cual disput\u00f3 el Mundial 2006 al tiempo que se convirti\u00f3 en el m\u00e1ximo goleador hist\u00f3rico del Guadalajara con 155 tantos.<\/p>\n","protected":false},"excerpt":{"rendered":"<p>Redacci\u00f3n\/Zona Roja. (Informaci\u00f3n de \u201cLa Jornada\u201d) Ciudad de M\u00e9xico, a 5 de octubre de 2025.-&hellip;<\/p>\n","protected":false},"author":2,"featured_media":85410,"comment_status":"closed","ping_status":"open","sticky":false,"template":"","format":"standard","meta":{"_lmt_disableupdate":"","_lmt_disable":"","_jetpack_memberships_contains_paid_content":false,"footnotes":""},"categories":[109,47],"tags":[4474],"class_list":["post-85409","post","type-post","status-publish","format-standard","has-post-thumbnail","hentry","category-minuto-a-minuto","category-zona-gris","tag-futbolista-omar-bravo"],"jetpack_featured_media_url":"https:\/\/zonaroja.com.mx\/wp-content\/uploads\/2025\/10\/Omar-Bravo-Guadalajada-futbolista.webp","jetpack_sharing_enabled":true,"_links":{"self":[{"href":"https:\/\/zonaroja.com.mx\/index.php?rest_route=\/wp\/v2\/posts\/85409","targetHints":{"allow":["GET"]}}],"collection":[{"href":"https:\/\/zonaroja.com.mx\/index.php?rest_route=\/wp\/v2\/posts"}],"about":[{"href":"https:\/\/zonaroja.com.mx\/index.php?rest_route=\/wp\/v2\/types\/post"}],"author":[{"embeddable":true,"href":"https:\/\/zonaroja.com.mx\/index.php?rest_route=\/wp\/v2\/users\/2"}],"replies":[{"embeddable":true,"href":"https:\/\/zonaroja.com.mx\/index.php?rest_route=%2Fwp%2Fv2%2Fcomments&post=85409"}],"version-history":[{"count":1,"href":"https:\/\/zonaroja.com.mx\/index.php?rest_route=\/wp\/v2\/posts\/85409\/revisions"}],"predecessor-version":[{"id":85411,"href":"https:\/\/zonaroja.com.mx\/index.php?rest_route=\/wp\/v2\/posts\/85409\/revisions\/85411"}],"wp:featuredmedia":[{"embeddable":true,"href":"https:\/\/zonaroja.com.mx\/index.php?rest_route=\/wp\/v2\/media\/85410"}],"wp:attachment":[{"href":"https:\/\/zonaroja.com.mx\/index.php?rest_route=%2Fwp%2Fv2%2Fmedia&parent=85409"}],"wp:term":[{"taxonomy":"category","embeddable":true,"href":"https:\/\/zonaroja.com.mx\/index.php?rest_route=%2Fwp%2Fv2%2Fcategories&post=85409"},{"taxonomy":"post_tag","embeddable":true,"href":"https:\/\/zonaroja.com.mx\/index.php?rest_route=%2Fwp%2Fv2%2Ftags&post=85409"}],"curies":[{"name":"wp","href":"https:\/\/api.w.org\/{rel}","templated":true}]}}