{"id":85412,"date":"2025-10-05T09:45:00","date_gmt":"2025-10-05T15:45:00","guid":{"rendered":"https:\/\/zonaroja.com.mx\/?p=85412"},"modified":"2025-10-05T07:20:07","modified_gmt":"2025-10-05T13:20:07","slug":"orquesta-primavera-de-oaxaca-comparte-su-musica-para-sanar-el-corazon","status":"publish","type":"post","link":"https:\/\/zonaroja.com.mx\/?p=85412","title":{"rendered":"Orquesta Primavera de Oaxaca comparte su m\u00fasica para sanar el coraz\u00f3n\u00a0"},"content":{"rendered":"\n<p>Lisbeth Mej\u00eda Reyes\/Zona Roja.<\/p>\n\n\n\n<p>Oaxaca, Oax., a 5 de octubre de 2025.- La m\u00fasica tambi\u00e9n puede ayudar a sanar los corazones y eso es lo que hizo la Orquesta Primavera de Oaxaca (OPO) al brindar un momento de esperanza a infantes y adolescentes con c\u00e1ncer, adem\u00e1s de otros pacientes e incluso para el personal del Instituto Mexicano del Seguro Social (IMSS) en Oaxaca.<\/p>\n\n\n\n<p>La agrupaci\u00f3n que dirige Alejandro D\u00edaz Avenda\u00f1o ofreci\u00f3 varios recitales los d\u00edas jueves de septiembre y el primero del mes de octubre, como parte del ciclo \u00abLa m\u00fasica sanando el coraz\u00f3n\u00bb.&nbsp;<\/p>\n\n\n\n<p>Fue a trav\u00e9s de ensambles o secciones como las y los m\u00fasicos de la orquesta deleitaron al p\u00fablico en \u00e1reas como la de pediatr\u00eda y la de OncoCrean del Hospital de Zona n\u00famero 1, en la ciudad de Oaxaca. Esto como parte del mes de la concientizaci\u00f3n contra el c\u00e1ncer infantil.<\/p>\n\n\n\n<p>A trav\u00e9s de sus redes sociales, la orquesta comparti\u00f3 que el ciclo de recitales fue un hermoso proyecto y experiencia que dej\u00f3 a las y los m\u00fasicos un gran aprendizaje. La serie de conciertos se realiz\u00f3 con el apoyo del IMSS Oaxaca y la Secretar\u00eda de las Culturas y Artes, Seculta.<\/p>\n\n\n\n<p>\u00abGracias por hacer posible llevar nuestra m\u00fasica a estos espacios donde tanto lo necesitan y que pueda ser un granito de arena y una peque\u00f1a ayuda para estos pacientes que son grandes guerreros\u00bb, expres\u00f3 la orquesta en Facebook, donde tambi\u00e9n destac\u00f3 el apoyo del personal del IMSS por abrirle sus puertas y brindarles todas las facilidades \u00aben cada concierto que sin duda fueron m\u00e1gicos\u00bb.<\/p>\n\n\n\n<p>Por su parte, la Secretar\u00eda de las Culturas y Artes se\u00f1al\u00f3 que en estos conciertos se vivi\u00f3 un recorrido musical acompa\u00f1ado de breves explicaciones. Las melod\u00edas \u00abse compartieron melod\u00edas como compa\u00f1\u00eda y apoyo, creando momentos de paz y esperanza\u00bb.<\/p>\n","protected":false},"excerpt":{"rendered":"<p>Lisbeth Mej\u00eda Reyes\/Zona Roja. Oaxaca, Oax., a 5 de octubre de 2025.- La m\u00fasica tambi\u00e9n&hellip;<\/p>\n","protected":false},"author":2,"featured_media":85413,"comment_status":"closed","ping_status":"open","sticky":false,"template":"","format":"standard","meta":{"_lmt_disableupdate":"","_lmt_disable":"","_jetpack_memberships_contains_paid_content":false,"footnotes":""},"categories":[109,46],"tags":[4475],"class_list":["post-85412","post","type-post","status-publish","format-standard","has-post-thumbnail","hentry","category-minuto-a-minuto","category-zona-blanca","tag-orquesta-primavera-de-oaxaca-opo"],"jetpack_featured_media_url":"https:\/\/zonaroja.com.mx\/wp-content\/uploads\/2025\/10\/Orquesta-Primavera-conciertos-hospital.jpg","jetpack_sharing_enabled":true,"_links":{"self":[{"href":"https:\/\/zonaroja.com.mx\/index.php?rest_route=\/wp\/v2\/posts\/85412","targetHints":{"allow":["GET"]}}],"collection":[{"href":"https:\/\/zonaroja.com.mx\/index.php?rest_route=\/wp\/v2\/posts"}],"about":[{"href":"https:\/\/zonaroja.com.mx\/index.php?rest_route=\/wp\/v2\/types\/post"}],"author":[{"embeddable":true,"href":"https:\/\/zonaroja.com.mx\/index.php?rest_route=\/wp\/v2\/users\/2"}],"replies":[{"embeddable":true,"href":"https:\/\/zonaroja.com.mx\/index.php?rest_route=%2Fwp%2Fv2%2Fcomments&post=85412"}],"version-history":[{"count":1,"href":"https:\/\/zonaroja.com.mx\/index.php?rest_route=\/wp\/v2\/posts\/85412\/revisions"}],"predecessor-version":[{"id":85414,"href":"https:\/\/zonaroja.com.mx\/index.php?rest_route=\/wp\/v2\/posts\/85412\/revisions\/85414"}],"wp:featuredmedia":[{"embeddable":true,"href":"https:\/\/zonaroja.com.mx\/index.php?rest_route=\/wp\/v2\/media\/85413"}],"wp:attachment":[{"href":"https:\/\/zonaroja.com.mx\/index.php?rest_route=%2Fwp%2Fv2%2Fmedia&parent=85412"}],"wp:term":[{"taxonomy":"category","embeddable":true,"href":"https:\/\/zonaroja.com.mx\/index.php?rest_route=%2Fwp%2Fv2%2Fcategories&post=85412"},{"taxonomy":"post_tag","embeddable":true,"href":"https:\/\/zonaroja.com.mx\/index.php?rest_route=%2Fwp%2Fv2%2Ftags&post=85412"}],"curies":[{"name":"wp","href":"https:\/\/api.w.org\/{rel}","templated":true}]}}