{"id":85420,"date":"2025-10-05T12:33:00","date_gmt":"2025-10-05T18:33:00","guid":{"rendered":"https:\/\/zonaroja.com.mx\/?p=85420"},"modified":"2025-10-05T07:37:25","modified_gmt":"2025-10-05T13:37:25","slug":"opinion-la-justicia-para-sandra-dominguezpendiente","status":"publish","type":"post","link":"https:\/\/zonaroja.com.mx\/?p=85420","title":{"rendered":"Opini\u00f3n. La justicia para Sandra Dom\u00ednguez\u2026pendiente"},"content":{"rendered":"\n<p>Soledad Jarqu\u00edn \u00c9dgar*\/SemM\u00e9xico<\/p>\n\n\n\n<p>Apenas tres d\u00edas despu\u00e9s de que Claudia Sheinbaum anunciara en su toma de protesta como presidenta de M\u00e9xico: \u201cllegamos todas\u201d un eslogan para su presidencia, en Mar\u00eda Lombardo de Caso, comunidad del municipio de San Juan Cotzoc\u00f3n, el 4 de octubre desapareci\u00f3 Sandra Est\u00e9fana Dom\u00ednguez Mart\u00ednez, abogada y defensora ayuuk, quien fue localizada m\u00e1s de 200 d\u00edas despu\u00e9s en Santiago Sochiapan, Veracruz, pero, la justicia sigue pendiente.<\/p>\n\n\n\n<p>Ella, originaria de San Isidro Huayapam, Mixe, cuatro horas y media de distancia de donde fue desaparecida. Su infancia la vivi\u00f3 en San Pedro y San Pablo Ayutla. Se titul\u00f3 como abogada por la Universidad Ind\u00edgena de M\u00e9xico, ubicada en Mochicahui, El Fuerte, Sinaloa, muy lejos de casa. Toda su joven experiencia hizo que la conciencia le creciera. Algo que lamentablemente no siempre sucede.<\/p>\n\n\n\n<p>Como abogada se comprometi\u00f3 con las mujeres de su regi\u00f3n a quien defend\u00eda de dif\u00edciles casos de violencia familiar, abusos sexuales, pornograf\u00eda y hasta desapariciones, incluso muchas veces muy lejos de donde ella viv\u00eda. Tal fue la desaparici\u00f3n de Zayra Leticia tambi\u00e9n ocurrida en octubre, pero del 2020, en una poblaci\u00f3n cercana a Huajuapan de Le\u00f3n, en la regi\u00f3n de la Mixteca oaxaque\u00f1a.<\/p>\n\n\n\n<p>Las dificultades orogr\u00e1ficas de Oaxaca no fueron problema para ella, sola o acompa\u00f1ada se traslad\u00f3 a los lugares donde se requer\u00eda su presencia ante la arbitrariedad, la corrupci\u00f3n y los letargos de las instituciones que desde sexenios pasados o en el presente han enfrentado las mujeres para alcanzar la justicia. Hoy, podemos decirlo, Zayra Leticia no ha sido localizada y la justicia para Sandra no ha llegado.<\/p>\n\n\n\n<p>As\u00ed el 4 de octubre ser\u00e1 la fecha en la que vamos a recordar siempre a Sandra Est\u00e9fana Dom\u00ednguez Mart\u00ednez, una joven de 38 a\u00f1os que dio todo para mejorar las condiciones de vida de las mujeres mixes o mixtecas o de cualquier otro lugar o etnia en Oaxaca o donde fuera necesario.<\/p>\n\n\n\n<p>A un a\u00f1o de ese tr\u00e1gico hecho, como la localizaci\u00f3n de su cuerpo, que conocimos el 28 de abril de este a\u00f1o, no hay justicia. Lo que hay son desatinos, como es costumbre en la instituci\u00f3n encargada de realizar las \u201cinvestigaciones\u201d o \u201cesclarecer\u201d los hechos. Y como en otros casos la neblina que no deja ver la verdad est\u00e1 hecha por actores pol\u00edticos.<\/p>\n\n\n\n<p>La mano del poder pol\u00edtico metida en un asunto donde no deber\u00eda estar. Y esas manos, nadie lo dud\u00f3, son de Salom\u00f3n Jara Cruz y de su secretario de Gobernaci\u00f3n, Jes\u00fas Romero L\u00f3pez, quienes deber\u00edan ser llamados a cuentas por la evidente protecci\u00f3n a Donato Vargas, quien opera pol\u00edticamente la regi\u00f3n de la sierra Ju\u00e1rez donde se asientan los municipios mixes. Un operador pol\u00edtico del primer gobernador morenista de Oaxaca, el mismo al que se le olvid\u00f3 ponerle agua a las flores, por lo que hasta hoy no hay primavera.<\/p>\n\n\n\n<p>Sandra Est\u00e9fana Dom\u00ednguez Mart\u00ednez se atraves\u00f3 en la vida de estas mafias empoderadas cuando denunci\u00f3 en 2020 y 2023, a petici\u00f3n de otras mujeres, los chats pornogr\u00e1ficos Sierra XXX y Megapeda, este \u00faltimo nombre en alusi\u00f3n seguramente a aquellas lamentables escenas grabadas en un video que circularon por todas partes donde el funcionario estrella de Jara, totalmente ebrio hac\u00eda el rid\u00edculo tirado en el suelo. Vaya nivel del funcionario, dicen que para muestra un bot\u00f3n.<\/p>\n\n\n\n<p>Los famosos chats, son en realidad una contribuci\u00f3n a la cadena de trata de mujeres, pero est\u00e1s mujeres eran parejas, exparejas, aventuras ocasionales o amistades de los se\u00f1ores mixes, que se contaban por decenas en los chats, y donde no pod\u00eda faltar Donato Vargas y el hermano del ahora muy poderoso titular del Instituto Nacional de los Pueblos Ind\u00edgenas, Adelfo Regino Montes, me refiero a Francisco, de los mismos apellidos.<\/p>\n\n\n\n<p>La actitud de estos sujetos, sobra decir mis\u00f3ginos, al publicar contenidos sexistas y pornogr\u00e1ficos denigrando la vida de las mujeres muchas de ellas sus paisanas y conocidas, es ni duda cabe, una clara violaci\u00f3n al art\u00edculo 249 del C\u00f3digo Penal del Estado de Oaxaca. Este delito se comete cuando se divulga, comparte o distribuye informaci\u00f3n de manera no autorizada, exactamente lo que hicieron estos se\u00f1ores para \u201cdivertirse\u201d entre ellos mostrando su virilidad reducida al espacio digital.<\/p>\n\n\n\n<p>Entonces queda claro que aquello de que ning\u00fan violentador al poder es solo una frase de esas que se gastan en pol\u00edtica de tanto que la dicen, pero no se cumplen. Porque s\u00ed as\u00ed fuera, Jara tendr\u00eda que haber despedido a su amigo por esa acci\u00f3n, para empezar, luego debi\u00f3 ser investigado por la Fiscal\u00eda de Oaxaca. Lo mismo que al hermano del afamado titular del INPI. Pero, Jara opt\u00f3 por limpiarse los mocos con la ley y a su amigo lo separ\u00f3 del cargo por por 15 d\u00edas, solo eso. Como dec\u00eda un fallecido periodista pues \u00bfa qui\u00e9n mataron juntos? Por qu\u00e9 tantas consideraciones.<\/p>\n\n\n\n<p>La justicia, como en las tiras de Mafalda escritas por Quino, sigue caminando en el lomo de una tortuga, lentamente, sin logros trascendentales, m\u00e1s los que ya conoce usted: dos personas que resultaron asesinadas en un operativo, casualmente uno de ellos que ten\u00eda informaci\u00f3n; dos personas en prisi\u00f3n, sin avances en la investigaci\u00f3n, y pendientes dos \u00f3rdenes por desaparici\u00f3n. Y, casual, com\u00fan, lo de siempre, en relaci\u00f3n con el feminicidio de la defensora nada.<\/p>\n\n\n\n<p>As\u00ed que Claudia Sheinbaum apenas se estaba acomodando en la silla presidencial cuando se enter\u00f3 de lo que suced\u00eda en Oaxaca y la defensora. Fue el 5 de mayo, en su ma\u00f1anera, cuando solt\u00f3 \u201ces doloroso\u201d, cuando se le preguntaba qu\u00e9 opinaba de la localizaci\u00f3n del cuerpo sin vida de Sandra. Claudia Sheinbaun supo por supuesto del caso, pero no dijo nada sobre el todopoderoso \u201crey Donato\u201d. Por tanto, la presidenta debe saber que tiene ese pendiente.<\/p>\n\n\n\n<p>Un pendiente que le arrebat\u00f3 un pedazo del coraz\u00f3n a una madre; un pendiente que deja a una ni\u00f1a en orfandad, una soledad que no se alivia con nada, y un dolor profundo por una ausencia para el resto de la familia.<\/p>\n\n\n\n<p>*Periodista y activista feminista.<\/p>\n\n\n\n<p>@JarquinEdgar<\/p>\n","protected":false},"excerpt":{"rendered":"<p>Soledad Jarqu\u00edn \u00c9dgar*\/SemM\u00e9xico Apenas tres d\u00edas despu\u00e9s de que Claudia Sheinbaum anunciara en su toma&hellip;<\/p>\n","protected":false},"author":2,"featured_media":68029,"comment_status":"closed","ping_status":"open","sticky":false,"template":"","format":"standard","meta":{"_lmt_disableupdate":"","_lmt_disable":"","_jetpack_memberships_contains_paid_content":false,"footnotes":""},"categories":[456,109],"tags":[1105],"class_list":["post-85420","post","type-post","status-publish","format-standard","has-post-thumbnail","hentry","category-columna","category-minuto-a-minuto","tag-soledad-jarquin-edgar"],"jetpack_featured_media_url":"https:\/\/zonaroja.com.mx\/wp-content\/uploads\/2024\/05\/Soledad-Jarquin-Edgar.jpg","jetpack_sharing_enabled":true,"_links":{"self":[{"href":"https:\/\/zonaroja.com.mx\/index.php?rest_route=\/wp\/v2\/posts\/85420","targetHints":{"allow":["GET"]}}],"collection":[{"href":"https:\/\/zonaroja.com.mx\/index.php?rest_route=\/wp\/v2\/posts"}],"about":[{"href":"https:\/\/zonaroja.com.mx\/index.php?rest_route=\/wp\/v2\/types\/post"}],"author":[{"embeddable":true,"href":"https:\/\/zonaroja.com.mx\/index.php?rest_route=\/wp\/v2\/users\/2"}],"replies":[{"embeddable":true,"href":"https:\/\/zonaroja.com.mx\/index.php?rest_route=%2Fwp%2Fv2%2Fcomments&post=85420"}],"version-history":[{"count":1,"href":"https:\/\/zonaroja.com.mx\/index.php?rest_route=\/wp\/v2\/posts\/85420\/revisions"}],"predecessor-version":[{"id":85421,"href":"https:\/\/zonaroja.com.mx\/index.php?rest_route=\/wp\/v2\/posts\/85420\/revisions\/85421"}],"wp:featuredmedia":[{"embeddable":true,"href":"https:\/\/zonaroja.com.mx\/index.php?rest_route=\/wp\/v2\/media\/68029"}],"wp:attachment":[{"href":"https:\/\/zonaroja.com.mx\/index.php?rest_route=%2Fwp%2Fv2%2Fmedia&parent=85420"}],"wp:term":[{"taxonomy":"category","embeddable":true,"href":"https:\/\/zonaroja.com.mx\/index.php?rest_route=%2Fwp%2Fv2%2Fcategories&post=85420"},{"taxonomy":"post_tag","embeddable":true,"href":"https:\/\/zonaroja.com.mx\/index.php?rest_route=%2Fwp%2Fv2%2Ftags&post=85420"}],"curies":[{"name":"wp","href":"https:\/\/api.w.org\/{rel}","templated":true}]}}