{"id":85422,"date":"2025-10-05T13:38:00","date_gmt":"2025-10-05T19:38:00","guid":{"rendered":"https:\/\/zonaroja.com.mx\/?p=85422"},"modified":"2025-10-05T18:17:24","modified_gmt":"2025-10-06T00:17:24","slug":"cuatro-artistas-del-casa-realizaran-residencias-internacionales-en-2026","status":"publish","type":"post","link":"https:\/\/zonaroja.com.mx\/?p=85422","title":{"rendered":"Cuatro artistas del CaSa realizar\u00e1n residencias internacionales en 2026"},"content":{"rendered":"\n<p>Redacci\u00f3n\/Zona Roja.&nbsp;<\/p>\n\n\n\n<p>Oaxaca, Oax., a 4 de octubre de 2025.- El Sistema de Apoyos a la Creaci\u00f3n y Proyectos Culturales (SACPC) anunci\u00f3 que cuatro integrantes de la comunidad art\u00edstica del Centro de las Artes de San Agust\u00edn (CaSa) fueron seleccionados para participar en el programa Residencias Art\u00edsticas en la modalidad de Libre Gesti\u00f3n.<\/p>\n\n\n\n<p>Se trata de Ilityha Toledo Jim\u00e9nez, Nancy Guie Niza Cabrera Fuentes, Octavio L\u00f3pez Jim\u00e9nez y Dolores Medel; quienes han sido parte de diversos talleres, programas y diplomados del CaSa, lo que ha contribuido significativamente a su formaci\u00f3n art\u00edstica. Su participaci\u00f3n en este programa reafirmar\u00e1 el papel de Oaxaca como el Coraz\u00f3n Cultural de M\u00e9xico.<\/p>\n\n\n\n<p>El apoyo brindado por el SACPC les permitir\u00e1 desarrollar o concluir proyectos en reconocidas instituciones internacionales durante el a\u00f1o 2026. Las residencias tendr\u00e1n una duraci\u00f3n de entre cuatro y doce semanas, ofreciendo un entorno propicio para el intercambio cultural y el fortalecimiento de sus trayectorias.<\/p>\n\n\n\n<p>Ilityha Toledo Jim\u00e9nez realizar\u00e1 su residencia art\u00edstica en la Escuela de Arquitectura de la Universidad de Talca, en Chile; un referente en Latinoam\u00e9rica por su enfoque en las pr\u00e1cticas constructivas sustentables y la inclusi\u00f3n social.<\/p>\n\n\n\n<p>Nancy Guie Niza Cabrera Fuentes desarrollar\u00e1 su residencia en Georgia, Estados Unidos con el Tbilisi Photo Festival, que promueve el di\u00e1logo internacional y la fotograf\u00eda documental desde una perspectiva cr\u00edtica.<\/p>\n\n\n\n<p>Octavio L\u00f3pez Jim\u00e9nez llevar\u00e1 a cabo su proyecto \u201cNuu Tlan\u201d -Lo nuestro- en el Bronx Documentary Center en Nueva York, Estados Unidos, espacio dedicado a la fotograf\u00eda documental con un enfoque en temas de justicia social.<\/p>\n\n\n\n<p>En tanto, Dolores Medel ir\u00e1 a Hamburgo, Alemania, donde desarrollar\u00e1 su proyecto \u201cMar del norte\u201d en FRISE K\u00fcnstler*innenhaus, un estudio-taller dedicado a promover artistas que se desenvuelven en el \u00e1mbito de las artes visuales y que funge como plataforma para entablar el di\u00e1logo sobre la producci\u00f3n art\u00edstica.<\/p>\n\n\n\n<p>Cabe destacar que la obra fotogr\u00e1fica de Octavio L\u00f3pez Jim\u00e9nez y de Dolores Medel, forma parte de la Colecci\u00f3n Toledo del Centro Fotogr\u00e1fico Manuel \u00c1lvarez Bravo (CFMAB) y puede apreciarse en la exposici\u00f3n \u201cLu\u2019 Biaani: Francisco Toledo y la fotograf\u00eda\u201d, que actualmente se presenta en el CaSa.<\/p>\n","protected":false},"excerpt":{"rendered":"<p>Redacci\u00f3n\/Zona Roja.&nbsp; Oaxaca, Oax., a 4 de octubre de 2025.- El Sistema de Apoyos a&hellip;<\/p>\n","protected":false},"author":2,"featured_media":85426,"comment_status":"closed","ping_status":"open","sticky":false,"template":"","format":"standard","meta":{"_lmt_disableupdate":"","_lmt_disable":"","_jetpack_memberships_contains_paid_content":false,"footnotes":""},"categories":[109,46],"tags":[1148],"class_list":["post-85422","post","type-post","status-publish","format-standard","has-post-thumbnail","hentry","category-minuto-a-minuto","category-zona-blanca","tag-centro-de-las-artes-san-agustin-casa"],"jetpack_featured_media_url":"https:\/\/zonaroja.com.mx\/wp-content\/uploads\/2025\/10\/img_4893.jpg","jetpack_sharing_enabled":true,"_links":{"self":[{"href":"https:\/\/zonaroja.com.mx\/index.php?rest_route=\/wp\/v2\/posts\/85422","targetHints":{"allow":["GET"]}}],"collection":[{"href":"https:\/\/zonaroja.com.mx\/index.php?rest_route=\/wp\/v2\/posts"}],"about":[{"href":"https:\/\/zonaroja.com.mx\/index.php?rest_route=\/wp\/v2\/types\/post"}],"author":[{"embeddable":true,"href":"https:\/\/zonaroja.com.mx\/index.php?rest_route=\/wp\/v2\/users\/2"}],"replies":[{"embeddable":true,"href":"https:\/\/zonaroja.com.mx\/index.php?rest_route=%2Fwp%2Fv2%2Fcomments&post=85422"}],"version-history":[{"count":1,"href":"https:\/\/zonaroja.com.mx\/index.php?rest_route=\/wp\/v2\/posts\/85422\/revisions"}],"predecessor-version":[{"id":85423,"href":"https:\/\/zonaroja.com.mx\/index.php?rest_route=\/wp\/v2\/posts\/85422\/revisions\/85423"}],"wp:featuredmedia":[{"embeddable":true,"href":"https:\/\/zonaroja.com.mx\/index.php?rest_route=\/wp\/v2\/media\/85426"}],"wp:attachment":[{"href":"https:\/\/zonaroja.com.mx\/index.php?rest_route=%2Fwp%2Fv2%2Fmedia&parent=85422"}],"wp:term":[{"taxonomy":"category","embeddable":true,"href":"https:\/\/zonaroja.com.mx\/index.php?rest_route=%2Fwp%2Fv2%2Fcategories&post=85422"},{"taxonomy":"post_tag","embeddable":true,"href":"https:\/\/zonaroja.com.mx\/index.php?rest_route=%2Fwp%2Fv2%2Ftags&post=85422"}],"curies":[{"name":"wp","href":"https:\/\/api.w.org\/{rel}","templated":true}]}}