{"id":85424,"date":"2025-10-05T14:47:00","date_gmt":"2025-10-05T20:47:00","guid":{"rendered":"https:\/\/zonaroja.com.mx\/?p=85424"},"modified":"2025-10-05T07:48:42","modified_gmt":"2025-10-05T13:48:42","slug":"no-somos-la-misma-persona-gobernamos-de-distinta-manera-sheinbaum-sobre-amlo","status":"publish","type":"post","link":"https:\/\/zonaroja.com.mx\/?p=85424","title":{"rendered":"\u2018No somos la misma persona, gobernamos de distinta manera\u2019: Sheinbaum sobre AMLO"},"content":{"rendered":"\n<p>Redacci\u00f3n\/Zona Roja Cdmx.<\/p>\n\n\n\n<p>Informaci\u00f3n de \u201cEl Financiero\u201d<\/p>\n\n\n\n<p>Ciudad de M\u00e9xico, a 5 de octubre de 2025.- Al cumplirse el primer a\u00f1o de mandato de la primera presidenta de M\u00e9xico, Claudia Sheinbaum, y como parte de las actividades previas a su primer informe de gobierno, se present\u00f3 el documental Los primeros 365 d\u00edas, la transformaci\u00f3n avanza.<\/p>\n\n\n\n<p>En esta producci\u00f3n, la mandataria mantiene la narrativa de amor al pueblo, cercan\u00eda con la gente, atenci\u00f3n a las causas sociales y dignificaci\u00f3n de los pueblos originarios, elementos constantes en los gobiernos de la autodenominada cuarta transformaci\u00f3n.<\/p>\n\n\n\n<p>La presidenta establece una distinci\u00f3n entre la forma de gobernar de su antecesor, Andr\u00e9s Manuel L\u00f3pez Obrador, y la suya, aunque reconoce la ense\u00f1anza pol\u00edtica que recibi\u00f3 del tabasque\u00f1o.<\/p>\n\n\n\n<p>\u201cEn estilo de trabajo nos form\u00f3 mucho Andr\u00e9s Manuel L\u00f3pez Obrador. \u00c9l ten\u00eda un mecanismo de trabajo de reunir a los gabinetes y dar seguimiento a todo. No somos la misma persona, gobernamos de manera distinta. Hay cosas en las que nos parecemos y hay cosas en las que no\u201d, coment\u00f3.<\/p>\n\n\n\n<p>Sheinbaum atribuye estas diferencias a su formaci\u00f3n acad\u00e9mica y profesional, que la llevaron a desarrollar un estilo propio de gesti\u00f3n p\u00fablica.<\/p>\n\n\n\n<p>\u201cYo me meto m\u00e1s, incluso que \u00e9l, en los temas. Me dediqu\u00e9 20 a\u00f1os de mi vida a hacer modelos matem\u00e1ticos, entonces para m\u00ed es una obsesi\u00f3n los n\u00fameros. Fui maestra muchos a\u00f1os, imag\u00ednate. Y despu\u00e9s fui much\u00edsimos a\u00f1os profesora en la Facultad de Ingenier\u00eda, pues obviamente no se te quita esa forma de ser\u201d, explic\u00f3.<\/p>\n\n\n\n<p>Pese a las diferencias de estilo, la mandataria descart\u00f3 cualquier ruptura con la ideolog\u00eda o el proyecto de naci\u00f3n impulsado por Morena. Desde el inicio de su gesti\u00f3n mantiene continuidad con pol\u00edticas y programas iniciados durante el gobierno de L\u00f3pez Obrador.<\/p>\n\n\n\n<p>Ejemplo de ello es el programa Mujeres con Bienestar, la consolidaci\u00f3n de una red ferroviaria nacional para trenes de pasajeros, la atenci\u00f3n a las causas sociales y una visi\u00f3n humanista en la pol\u00edtica p\u00fablica del pa\u00eds.<\/p>\n\n\n\n<p>\u201cPero no hay rompimiento como con los presidentes del pasado. No hay rompimiento por convicci\u00f3n y adem\u00e1s porque la gente no quiere. Hay continuidad\u201d, afirm\u00f3.<\/p>\n\n\n\n<p>\u201cPienso que es lo que representa nuestro movimiento, lo que \u00e9l deja en el gobierno, en su lucha y lo que queremos seguir, un profundo humanismo, un amor al pr\u00f3jimo, finalmente eso es lo que nos mueve\u201d, agreg\u00f3 a su postura en el documental.<\/p>\n","protected":false},"excerpt":{"rendered":"<p>Redacci\u00f3n\/Zona Roja Cdmx. Informaci\u00f3n de \u201cEl Financiero\u201d Ciudad de M\u00e9xico, a 5 de octubre de&hellip;<\/p>\n","protected":false},"author":2,"featured_media":72564,"comment_status":"closed","ping_status":"open","sticky":false,"template":"","format":"standard","meta":{"_lmt_disableupdate":"","_lmt_disable":"","_jetpack_memberships_contains_paid_content":false,"footnotes":""},"categories":[109,47],"tags":[3370],"class_list":["post-85424","post","type-post","status-publish","format-standard","has-post-thumbnail","hentry","category-minuto-a-minuto","category-zona-gris","tag-claudia-sheinbaum"],"jetpack_featured_media_url":"https:\/\/zonaroja.com.mx\/wp-content\/uploads\/2024\/09\/Lopez-Obrador-y-Claudia-Sheinbaum.jpg","jetpack_sharing_enabled":true,"_links":{"self":[{"href":"https:\/\/zonaroja.com.mx\/index.php?rest_route=\/wp\/v2\/posts\/85424","targetHints":{"allow":["GET"]}}],"collection":[{"href":"https:\/\/zonaroja.com.mx\/index.php?rest_route=\/wp\/v2\/posts"}],"about":[{"href":"https:\/\/zonaroja.com.mx\/index.php?rest_route=\/wp\/v2\/types\/post"}],"author":[{"embeddable":true,"href":"https:\/\/zonaroja.com.mx\/index.php?rest_route=\/wp\/v2\/users\/2"}],"replies":[{"embeddable":true,"href":"https:\/\/zonaroja.com.mx\/index.php?rest_route=%2Fwp%2Fv2%2Fcomments&post=85424"}],"version-history":[{"count":1,"href":"https:\/\/zonaroja.com.mx\/index.php?rest_route=\/wp\/v2\/posts\/85424\/revisions"}],"predecessor-version":[{"id":85425,"href":"https:\/\/zonaroja.com.mx\/index.php?rest_route=\/wp\/v2\/posts\/85424\/revisions\/85425"}],"wp:featuredmedia":[{"embeddable":true,"href":"https:\/\/zonaroja.com.mx\/index.php?rest_route=\/wp\/v2\/media\/72564"}],"wp:attachment":[{"href":"https:\/\/zonaroja.com.mx\/index.php?rest_route=%2Fwp%2Fv2%2Fmedia&parent=85424"}],"wp:term":[{"taxonomy":"category","embeddable":true,"href":"https:\/\/zonaroja.com.mx\/index.php?rest_route=%2Fwp%2Fv2%2Fcategories&post=85424"},{"taxonomy":"post_tag","embeddable":true,"href":"https:\/\/zonaroja.com.mx\/index.php?rest_route=%2Fwp%2Fv2%2Ftags&post=85424"}],"curies":[{"name":"wp","href":"https:\/\/api.w.org\/{rel}","templated":true}]}}