{"id":85433,"date":"2025-10-06T08:16:08","date_gmt":"2025-10-06T14:16:08","guid":{"rendered":"https:\/\/zonaroja.com.mx\/?p=85433"},"modified":"2025-10-06T08:16:10","modified_gmt":"2025-10-06T14:16:10","slug":"dice-el-mult-que-no-es-responsable-de-los-crimenes-en-juxtlahuaca","status":"publish","type":"post","link":"https:\/\/zonaroja.com.mx\/?p=85433","title":{"rendered":"Dice el MULT que no es responsable de los cr\u00edmenes en Juxtlahuaca"},"content":{"rendered":"\n<p>Ismael Garc\u00eda M.\/Zona Roja.<\/p>\n\n\n\n<p>Oaxaca, Oax., a 6 de octubre de 2025.- La organizaci\u00f3n Movimiento de Unificaci\u00f3n y Lucha Triqui (MULT) se deslind\u00f3 de doble crimen ocurrido el pasado 4 de octubre en la comunidad de Concepci\u00f3n Carrizal, municipio de Santiago Juxtlahuaca, en la regi\u00f3n Mixteca.<\/p>\n\n\n\n<p>Ello despu\u00e9s que el MULTI, agrupaci\u00f3n rival en la zona, los acus\u00f3 de la emboscada perpetrada contra los ocupantes de un veh\u00edculo de motor, en que perdieron la vida Alfredo Martinez Gonz\u00e1lez y Francisca Garc\u00eda Mart\u00ednez, ademas de resultar lesionadas tres mujeres.<\/p>\n\n\n\n<p>\u201cEl Movimiento de Unificaci\u00f3n y Lucha Triqui se deslinda de cualquier se\u00f1alamiento o insinuaci\u00f3n que pretenda vincular a nuestra organizaci\u00f3n con los hechos ocurridos.<\/p>\n\n\n\n<p>\u201cRechazamos categ\u00f3ricamente la violencia y cualquier acci\u00f3n que atente contra la vida de las y los triquis\u201d, expuso en un comunicado emitido anoche.<\/p>\n\n\n\n<p>Se sum\u00f3 a la exigencia hacia las autoridades competentes de una investigaci\u00f3n exhaustiva, imparcial y apegada a derecho, que permita esclarecer los hechos, identificar a los responsables y garantizar justicia.<\/p>\n\n\n\n<p>\u201cEl ataque ocurri\u00f3 en una zona bajo control del MULTI, por lo que consideramos que se trata de un asunto interno entre sus propios militantes. Adem\u00e1s, en \u00faltimas fechas mantienen un conflicto en la comunidad de San Jos\u00e9 Xochixtl\u00e1n con otra organizaci\u00f3n por el control pol\u00edtico de esa localidad, a trav\u00e9s de grupos paramilitares del MULTI fuertemente armados, que operan en la impunidad\u201d, detall\u00f3.<\/p>\n\n\n\n<p>Agreg\u00f3 que desde el a\u00f1o 2022, el MULT ha solicitado de manera reiterada el reforzamiento de la seguridad en la carretera federal tramo Carrizal-Agua Fr\u00eda, \u201cdonde hemos perdido muchos compa\u00f1eros y compa\u00f1eras por las emboscadas.<\/p>\n\n\n\n<p>\u201c\u2026pero la respuesta del MULTI ha sido el no a la seguridad sobre carretera federal y ha impedido toda acci\u00f3n que garantice la seguridad\u201d, remarc\u00f3.<\/p>\n","protected":false},"excerpt":{"rendered":"<p>Ismael Garc\u00eda M.\/Zona Roja. Oaxaca, Oax., a 6 de octubre de 2025.- La organizaci\u00f3n Movimiento&hellip;<\/p>\n","protected":false},"author":2,"featured_media":69343,"comment_status":"closed","ping_status":"open","sticky":false,"template":"","format":"standard","meta":{"_lmt_disableupdate":"","_lmt_disable":"","_jetpack_memberships_contains_paid_content":false,"footnotes":""},"categories":[109,47],"tags":[2411],"class_list":["post-85433","post","type-post","status-publish","format-standard","has-post-thumbnail","hentry","category-minuto-a-minuto","category-zona-gris","tag-movimiento-de-unificacion-y-lucha-triqui-independiente-multi"],"jetpack_featured_media_url":"https:\/\/zonaroja.com.mx\/wp-content\/uploads\/2024\/06\/MULT-Movimiento-de-Unificacion-y-Lucha-triqui.jpg","jetpack_sharing_enabled":true,"_links":{"self":[{"href":"https:\/\/zonaroja.com.mx\/index.php?rest_route=\/wp\/v2\/posts\/85433","targetHints":{"allow":["GET"]}}],"collection":[{"href":"https:\/\/zonaroja.com.mx\/index.php?rest_route=\/wp\/v2\/posts"}],"about":[{"href":"https:\/\/zonaroja.com.mx\/index.php?rest_route=\/wp\/v2\/types\/post"}],"author":[{"embeddable":true,"href":"https:\/\/zonaroja.com.mx\/index.php?rest_route=\/wp\/v2\/users\/2"}],"replies":[{"embeddable":true,"href":"https:\/\/zonaroja.com.mx\/index.php?rest_route=%2Fwp%2Fv2%2Fcomments&post=85433"}],"version-history":[{"count":1,"href":"https:\/\/zonaroja.com.mx\/index.php?rest_route=\/wp\/v2\/posts\/85433\/revisions"}],"predecessor-version":[{"id":85434,"href":"https:\/\/zonaroja.com.mx\/index.php?rest_route=\/wp\/v2\/posts\/85433\/revisions\/85434"}],"wp:featuredmedia":[{"embeddable":true,"href":"https:\/\/zonaroja.com.mx\/index.php?rest_route=\/wp\/v2\/media\/69343"}],"wp:attachment":[{"href":"https:\/\/zonaroja.com.mx\/index.php?rest_route=%2Fwp%2Fv2%2Fmedia&parent=85433"}],"wp:term":[{"taxonomy":"category","embeddable":true,"href":"https:\/\/zonaroja.com.mx\/index.php?rest_route=%2Fwp%2Fv2%2Fcategories&post=85433"},{"taxonomy":"post_tag","embeddable":true,"href":"https:\/\/zonaroja.com.mx\/index.php?rest_route=%2Fwp%2Fv2%2Ftags&post=85433"}],"curies":[{"name":"wp","href":"https:\/\/api.w.org\/{rel}","templated":true}]}}