{"id":85447,"date":"2025-10-06T11:30:00","date_gmt":"2025-10-06T17:30:00","guid":{"rendered":"https:\/\/zonaroja.com.mx\/?p=85447"},"modified":"2025-10-06T09:47:11","modified_gmt":"2025-10-06T15:47:11","slug":"detienen-a-otro-presunto-homicida-de-cuilapam-van-cuatro","status":"publish","type":"post","link":"https:\/\/zonaroja.com.mx\/?p=85447","title":{"rendered":"Detienen a otro presunto homicida de Cuil\u00e1pam; van cuatro"},"content":{"rendered":"\n<p>Redacci\u00f3n\/Zona Roja.&nbsp;<\/p>\n\n\n\n<p>Oaxaca, Oax., a 6 de octubre de 2025.- Las investigaciones ministeriales a cargo de la Fiscal\u00eda General del Estado de Oaxaca (FGEO) hicieron posible la ejecuci\u00f3n de una orden de aprehensi\u00f3n en contra de una persona del sexo masculino identificada por las iniciales E.Y.R., por el delito de Homicidio, cometido en el municipio de Cuil\u00e1pam de Guerrero, hecho que qued\u00f3 registrado en diferentes videos que se publicaron en diversas plataformas digitales.<\/p>\n\n\n\n<p>De acuerdo con el expediente penal del caso, los hechos ocurrieron durante la noche del 28 de diciembre de 2024, sobre el bulevar Escuela M\u00e9dico Militar, frente a una gasolinera del municipio de Cuil\u00e1pam de Guerrero.<\/p>\n\n\n\n<p>La investigaci\u00f3n revela que, en el lugar, un grupo de personas, que de acuerdo a las investigaciones son integrantes de una pandilla de cholos de la zona, agredieron a la v\u00edctima identificada como C.D.C.P., resultando con lesiones en diversas partes del cuerpo, a consecuencia de las cuales perdi\u00f3 la vida.&nbsp;<\/p>\n\n\n\n<p>Por la anterior, el caso qued\u00f3 a cargo de la Fiscal\u00eda Especializada para la Atenci\u00f3n a Delitos de Alto Impacto que logr\u00f3 trazar las l\u00edneas de investigaci\u00f3n que permitieron la obtenci\u00f3n de una orden de aprehensi\u00f3n en contra de E.Y.R., quien luego de ser detenido por elementos de la Agencia Estatal de Investigaciones (AEI), qued\u00f3 a disposici\u00f3n de la autoridad ministerial correspondiente.<\/p>\n\n\n\n<p>Cabe mencionar que, con la detenci\u00f3n de E.Y.R., suman cuatro las personas detenidas y bajo proceso penal por este homicidio, pues en primera instancia, la FGEO logr\u00f3 la detenci\u00f3n de R.R.R., G.R.R. y B.D.M.S., alias \u201cel Huguito\u201d, por su probable participaci\u00f3n en la comisi\u00f3n de este delito.<\/p>\n\n\n\n<p>La Fiscal\u00eda de Oaxaca garantiza investigaciones exhaustivas para esclarecer delitos, aplicando todo el rigor de la Ley a quien o quienes resulten responsables.<\/p>\n","protected":false},"excerpt":{"rendered":"<p>Redacci\u00f3n\/Zona Roja.&nbsp; Oaxaca, Oax., a 6 de octubre de 2025.- Las investigaciones ministeriales a cargo&hellip;<\/p>\n","protected":false},"author":2,"featured_media":85448,"comment_status":"closed","ping_status":"open","sticky":false,"template":"","format":"standard","meta":{"_lmt_disableupdate":"","_lmt_disable":"","_jetpack_memberships_contains_paid_content":false,"footnotes":""},"categories":[109,46],"tags":[494],"class_list":["post-85447","post","type-post","status-publish","format-standard","has-post-thumbnail","hentry","category-minuto-a-minuto","category-zona-blanca","tag-fiscalia-general-del-estado-de-oaxaca"],"jetpack_featured_media_url":"https:\/\/zonaroja.com.mx\/wp-content\/uploads\/2025\/10\/R.-R.-R.-homicida-caso-cholos-cuilapam.jpg","jetpack_sharing_enabled":true,"_links":{"self":[{"href":"https:\/\/zonaroja.com.mx\/index.php?rest_route=\/wp\/v2\/posts\/85447","targetHints":{"allow":["GET"]}}],"collection":[{"href":"https:\/\/zonaroja.com.mx\/index.php?rest_route=\/wp\/v2\/posts"}],"about":[{"href":"https:\/\/zonaroja.com.mx\/index.php?rest_route=\/wp\/v2\/types\/post"}],"author":[{"embeddable":true,"href":"https:\/\/zonaroja.com.mx\/index.php?rest_route=\/wp\/v2\/users\/2"}],"replies":[{"embeddable":true,"href":"https:\/\/zonaroja.com.mx\/index.php?rest_route=%2Fwp%2Fv2%2Fcomments&post=85447"}],"version-history":[{"count":1,"href":"https:\/\/zonaroja.com.mx\/index.php?rest_route=\/wp\/v2\/posts\/85447\/revisions"}],"predecessor-version":[{"id":85449,"href":"https:\/\/zonaroja.com.mx\/index.php?rest_route=\/wp\/v2\/posts\/85447\/revisions\/85449"}],"wp:featuredmedia":[{"embeddable":true,"href":"https:\/\/zonaroja.com.mx\/index.php?rest_route=\/wp\/v2\/media\/85448"}],"wp:attachment":[{"href":"https:\/\/zonaroja.com.mx\/index.php?rest_route=%2Fwp%2Fv2%2Fmedia&parent=85447"}],"wp:term":[{"taxonomy":"category","embeddable":true,"href":"https:\/\/zonaroja.com.mx\/index.php?rest_route=%2Fwp%2Fv2%2Fcategories&post=85447"},{"taxonomy":"post_tag","embeddable":true,"href":"https:\/\/zonaroja.com.mx\/index.php?rest_route=%2Fwp%2Fv2%2Ftags&post=85447"}],"curies":[{"name":"wp","href":"https:\/\/api.w.org\/{rel}","templated":true}]}}