{"id":85450,"date":"2025-10-06T12:47:00","date_gmt":"2025-10-06T18:47:00","guid":{"rendered":"https:\/\/zonaroja.com.mx\/?p=85450"},"modified":"2025-10-06T09:51:21","modified_gmt":"2025-10-06T15:51:21","slug":"semana-violenta-para-las-mujeres-en-oaxaca-reportan-cinco-muertes","status":"publish","type":"post","link":"https:\/\/zonaroja.com.mx\/?p=85450","title":{"rendered":"Semana violenta para las mujeres en Oaxaca; reportan cinco muertes\u00a0"},"content":{"rendered":"\n<p>Lisbeth Mej\u00eda Reyes\/Zona Roja.<\/p>\n\n\n\n<p>Oaxaca, Oax., a 6 de octubre de 2025.- Los \u00faltimos d\u00edas de septiembre y los primeros de octubre de ti\u00f1eron de sangre en el estado de Oaxaca por los asesinatos de cuatro mujeres y la localizaci\u00f3n de una m\u00e1s que presumiblemente muri\u00f3 de manera accidental.&nbsp;<\/p>\n\n\n\n<p>Con sus muertes, se estima que en lo que va del a\u00f1o son al menos 67 las muertes violentas de mujeres y ni\u00f1as en la entidad, de acuerdo con organismos de la sociedad civil.<\/p>\n\n\n\n<p>El 29 de septiembre se report\u00f3 el hallazgo de una mujer en el quiosco de Zipolite, San Pedro Pochutla, en la regi\u00f3n Costa; hasta ahora no se han esclarecido las causas del deceso.<\/p>\n\n\n\n<p>El 30 de septiembre la Fiscal\u00eda General del Estado de Oaxaca encontr\u00f3 cinco cuerpos en el paraje Llano Amarillo, Santa Mar\u00eda Texcatitl\u00e1n, en la regi\u00f3n Sierra de Flores Mag\u00f3n (antes Ca\u00f1ada). Entre \u00e9stos estaba el de una mujer, presuntamente una abogada de nombre Juana P. T.&nbsp;<\/p>\n\n\n\n<p>Los primeros reportes indican que ella y las otras personas (hombres) fueron asesinadas y calcinadas tras haber sido detenidas por pobladores, quienes las acusaron de presunta extorsi\u00f3n y\/o robo a una persona de la poblaci\u00f3n. Los dem\u00e1s hombres probablemente son Mart\u00edn G. L., Miguel Alberto M. G., Santiago M. C. y Jos\u00e9 Benjam\u00edn H.&nbsp;<\/p>\n\n\n\n<p>Ese mismo 30 de septiembre tambi\u00e9n se localiz\u00f3 el cuerpo de Patricia Adelfa O. M., una mujer que padec\u00eda de una discapacidad. De acuerdo con reportes de corporaciones polic\u00edas, su cuerpo estaba en avanzado estado de putrefacci\u00f3n en el cauce del arroyo en inmediaciones del \u201cPuente Negro\u201d.&nbsp;<\/p>\n\n\n\n<p>Su familia hab\u00eda se\u00f1alado que ten\u00eda cinco d\u00edas de desaparecida, por lo que pidieron el apoyo de las autoridades para su b\u00fasqueda. Las primeras investigaciones apuntan a que muri\u00f3 de asfixia por sumersi\u00f3n, probablemente de manera accidental, aunque no de descartan otras causas.<\/p>\n\n\n\n<p>El 1 de octubre, sujetos armados dispararon en contra del veh\u00edculo en el que se trasladaban Daniela Liliana C. L. y un hombre de las iniciales R. B. B., en Miahuatl\u00e1n de Porfirio D\u00edaz. Ella falleci\u00f3 y \u00e9l result\u00f3 lesionado y fue trasladado a un hospital.<\/p>\n\n\n\n<p>Mientras que el s\u00e1bado 4 de octubre, la emboscada a una familia en la zona Triqui de Oaxaca, jurisdicci\u00f3n de Santiago Juxtlahuaca, dej\u00f3 como saldo dos personas fallecidas, entre ellas una mujer, presuntamente militantes del Movimiento de Unificaci\u00f3n y Lucha Triqui.<\/p>\n","protected":false},"excerpt":{"rendered":"<p>Lisbeth Mej\u00eda Reyes\/Zona Roja. Oaxaca, Oax., a 6 de octubre de 2025.- Los \u00faltimos d\u00edas&hellip;<\/p>\n","protected":false},"author":2,"featured_media":85005,"comment_status":"closed","ping_status":"open","sticky":false,"template":"","format":"standard","meta":{"_lmt_disableupdate":"","_lmt_disable":"","_jetpack_memberships_contains_paid_content":false,"footnotes":""},"categories":[109,47],"tags":[610],"class_list":["post-85450","post","type-post","status-publish","format-standard","has-post-thumbnail","hentry","category-minuto-a-minuto","category-zona-gris","tag-feminicidios-oaxaca"],"jetpack_featured_media_url":"https:\/\/zonaroja.com.mx\/wp-content\/uploads\/2025\/09\/Feminicidios-Oaxaca-.jpg","jetpack_sharing_enabled":true,"_links":{"self":[{"href":"https:\/\/zonaroja.com.mx\/index.php?rest_route=\/wp\/v2\/posts\/85450","targetHints":{"allow":["GET"]}}],"collection":[{"href":"https:\/\/zonaroja.com.mx\/index.php?rest_route=\/wp\/v2\/posts"}],"about":[{"href":"https:\/\/zonaroja.com.mx\/index.php?rest_route=\/wp\/v2\/types\/post"}],"author":[{"embeddable":true,"href":"https:\/\/zonaroja.com.mx\/index.php?rest_route=\/wp\/v2\/users\/2"}],"replies":[{"embeddable":true,"href":"https:\/\/zonaroja.com.mx\/index.php?rest_route=%2Fwp%2Fv2%2Fcomments&post=85450"}],"version-history":[{"count":1,"href":"https:\/\/zonaroja.com.mx\/index.php?rest_route=\/wp\/v2\/posts\/85450\/revisions"}],"predecessor-version":[{"id":85451,"href":"https:\/\/zonaroja.com.mx\/index.php?rest_route=\/wp\/v2\/posts\/85450\/revisions\/85451"}],"wp:featuredmedia":[{"embeddable":true,"href":"https:\/\/zonaroja.com.mx\/index.php?rest_route=\/wp\/v2\/media\/85005"}],"wp:attachment":[{"href":"https:\/\/zonaroja.com.mx\/index.php?rest_route=%2Fwp%2Fv2%2Fmedia&parent=85450"}],"wp:term":[{"taxonomy":"category","embeddable":true,"href":"https:\/\/zonaroja.com.mx\/index.php?rest_route=%2Fwp%2Fv2%2Fcategories&post=85450"},{"taxonomy":"post_tag","embeddable":true,"href":"https:\/\/zonaroja.com.mx\/index.php?rest_route=%2Fwp%2Fv2%2Ftags&post=85450"}],"curies":[{"name":"wp","href":"https:\/\/api.w.org\/{rel}","templated":true}]}}