{"id":85452,"date":"2025-10-06T13:51:00","date_gmt":"2025-10-06T19:51:00","guid":{"rendered":"https:\/\/zonaroja.com.mx\/?p=85452"},"modified":"2025-10-06T09:52:17","modified_gmt":"2025-10-06T15:52:17","slug":"periodistas-de-iguala-denuncian-amenazas-del-crimen-organizado","status":"publish","type":"post","link":"https:\/\/zonaroja.com.mx\/?p=85452","title":{"rendered":"Periodistas de Iguala denuncian amenazas del crimen organizado"},"content":{"rendered":"\n<p>Redacci\u00f3n\/Zona Roja Cdmx.<\/p>\n\n\n\n<p>(Informaci\u00f3n de \u201cLa Jornada\u201d)<\/p>\n\n\n\n<p>Ciudad de M\u00e9xico, a 6 de octubre de 2025.- Reporteros de diversos medios de comunicaci\u00f3n de la ciudad de Iguala, en el norte de Guerrero, pidieron la intervenci\u00f3n de la presidenta Claudia Sheinbaum Pardo, debido a que miembros del crimen organizado que operan en la zona los amenazaron de muerte si publicaban en sus medios o plataformas de Facebook, informaci\u00f3n relacionada con el atentado a balazos contra el abogado y activista Anselmo Bautista Mart\u00ednez, cometido el viernes pasado.<\/p>\n\n\n\n<p>Un d\u00eda despu\u00e9s, a causa de las heridas, el defensor, quien destap\u00f3 casos de corrupci\u00f3n en el Poder Judicial de la regi\u00f3n y fue litigante de los colectivos de familias de personas desaparecidas, muri\u00f3 en el hospital del Instituto de Seguridad y Servicios Sociales de los Trabajadores del Estado (Issste).<\/p>\n\n\n\n<p>Ayer, durante el acto conmemorativo del 87 aniversario de la delegaci\u00f3n 17 del Sindicato Nacional de Redactores de Prensa (SNRP), en esta capital, comunicadores de Chilpancingo denunciaron que las presiones de los delincuentes contra el gremio, no s\u00f3lo ocurren en Iguala, sino tambi\u00e9n en Taxco y en poblaciones de la Tierra Caliente.<\/p>\n\n\n\n<p>Uno de los oradores del encuentro destac\u00f3 que \u201chemos denunciado desde hace tiempo que en la mayor\u00eda de los 85 municipios de la entidad, existen lo que hemos denominado \u2018zonas silenciadas\u2019, donde ya no se puede reportear, no hay peri\u00f3dicos, ni revistas\u201d.<\/p>\n\n\n\n<p>Bautista Mart\u00ednez fue atacado el viernes cuando sal\u00eda de las oficinas regionales de la Fiscal\u00eda General del Estado (FGE) en Iguala; recibi\u00f3 cuatro impactos de bala; herido de gravedad fue trasladado a la cl\u00ednica del Issste, donde el s\u00e1bado perdi\u00f3 la vida.<\/p>\n\n\n\n<p>Jes\u00fas Lezama, dirigente de la secci\u00f3n 17 del SNRP, manifest\u00f3 que \u201cen Guerrero y en el pa\u00eds, los periodistas pasamos de ser v\u00edctimas de agresiones, censura y asesinatos por parte del sistema p\u00fablico, a ser v\u00edctimas del crimen organizado y de sus intereses pol\u00edticos, pues asumen el papel de agresores, censuradores, intimidadores y en el caso extremo cometen cr\u00edmenes\u201d.<\/p>\n\n\n\n<p>Puntualiz\u00f3 que \u201cGuerrero es uno de los estados donde m\u00e1s se asesinan, atacan y censuran reporteros. Desde aqu\u00ed lanzamos un grito que se debe escuchar muy claro: \u00a1Ya basta de agresiones, de intimidaciones, de homicidios. En este a\u00f1o varios compa\u00f1eros han sido hostigados legalmente con acusaciones en \u00f3rganos electorales de violencia pol\u00edtica en raz\u00f3n de g\u00e9nero\u201d.<\/p>\n\n\n\n<p>En ese contexto, desde Iguala, comunicadores denunciaron v\u00eda telef\u00f3nica, que el viernes cuando Bautista Mart\u00ednez fue baleado por un comando luego de acudir a la fiscal\u00eda, donde entreg\u00f3 una denuncia contra dos agentes del Ministerio P\u00fablico (por al menos seis delitos), \u201cdesde ese momento nos empezaron a llamar advirti\u00e9ndonos que si public\u00e1bamos (lo del ataque), corr\u00edan peligro nuestras familias\u201d.<\/p>\n\n\n\n<p>La abogada Margarita Santana Salinas coment\u00f3 que Bautista Mart\u00ednez era su defensor. \u201cIntegr\u00f3 una carpeta contra dos funcionarios que desaparecieron un dep\u00f3sito de un mill\u00f3n de pesos de una indemnizaci\u00f3n que hizo una persona por la muerte de mi esposo, Wagner Gonz\u00e1lez Ventura, quien fue perito en tr\u00e1nsito, y atropellado por un veh\u00edculo el 21 de marzo de 2025 en Iguala\u201d.<\/p>\n\n\n\n<p>Explic\u00f3 que el pasado 4 de julio, finalmente le dieron una copia de la carpeta \u201cpero ya no estaba la constancia del mill\u00f3n de pesos que hab\u00edan entregado los responsables del homicidio culposo de mi esposo. No descart\u00f3 que el asesinato del activista tenga que ver con la denuncia contra Leonardo Meraz, Christian Pe\u00f1aloza y H\u00e9ctor Guerrero\u201d.<\/p>\n\n\n\n<p>Detall\u00f3 que \u201cel d\u00eda del atentado, Anselmo Bautista me llam\u00f3 para decirme que ya hab\u00eda entregado al agente del Ministerio P\u00fablico, Julio C\u00e9sar Arriaga, un oficio de control judicial en el que un juez pide que se me otorguen medidas cautelares y la indagatoria contra los oficiales no se turne a la FGE en Chilpancingo, porque la van a congelar\u201d.<\/p>\n\n\n\n<p>Ante esta situaci\u00f3n, Santana Salinas extern\u00f3: \u201ctemo por mi vida y la de mi familia. Tengo mucho miedo, porque si ya mataron a mi abogado qu\u00e9 me podr\u00eda esperar a m\u00ed. Le pido ayuda a la presidenta Claudia Sheibaum, porque aqu\u00ed en Iguala no para la violencia\u201d.<\/p>\n","protected":false},"excerpt":{"rendered":"<p>Redacci\u00f3n\/Zona Roja Cdmx. (Informaci\u00f3n de \u201cLa Jornada\u201d) Ciudad de M\u00e9xico, a 6 de octubre de&hellip;<\/p>\n","protected":false},"author":2,"featured_media":85439,"comment_status":"closed","ping_status":"open","sticky":false,"template":"","format":"standard","meta":{"_lmt_disableupdate":"","_lmt_disable":"","_jetpack_memberships_contains_paid_content":false,"footnotes":""},"categories":[109,47],"tags":[],"class_list":["post-85452","post","type-post","status-publish","format-standard","has-post-thumbnail","hentry","category-minuto-a-minuto","category-zona-gris"],"jetpack_featured_media_url":"https:\/\/zonaroja.com.mx\/wp-content\/uploads\/2025\/10\/periodistas-de-iguala-denuncian-amenazas-del-crimen-organizado_5f7b9874-2eb3-40b7-8911-392a56e7ccc7_medialjnimgndimagefullsize.webp","jetpack_sharing_enabled":true,"_links":{"self":[{"href":"https:\/\/zonaroja.com.mx\/index.php?rest_route=\/wp\/v2\/posts\/85452","targetHints":{"allow":["GET"]}}],"collection":[{"href":"https:\/\/zonaroja.com.mx\/index.php?rest_route=\/wp\/v2\/posts"}],"about":[{"href":"https:\/\/zonaroja.com.mx\/index.php?rest_route=\/wp\/v2\/types\/post"}],"author":[{"embeddable":true,"href":"https:\/\/zonaroja.com.mx\/index.php?rest_route=\/wp\/v2\/users\/2"}],"replies":[{"embeddable":true,"href":"https:\/\/zonaroja.com.mx\/index.php?rest_route=%2Fwp%2Fv2%2Fcomments&post=85452"}],"version-history":[{"count":1,"href":"https:\/\/zonaroja.com.mx\/index.php?rest_route=\/wp\/v2\/posts\/85452\/revisions"}],"predecessor-version":[{"id":85453,"href":"https:\/\/zonaroja.com.mx\/index.php?rest_route=\/wp\/v2\/posts\/85452\/revisions\/85453"}],"wp:featuredmedia":[{"embeddable":true,"href":"https:\/\/zonaroja.com.mx\/index.php?rest_route=\/wp\/v2\/media\/85439"}],"wp:attachment":[{"href":"https:\/\/zonaroja.com.mx\/index.php?rest_route=%2Fwp%2Fv2%2Fmedia&parent=85452"}],"wp:term":[{"taxonomy":"category","embeddable":true,"href":"https:\/\/zonaroja.com.mx\/index.php?rest_route=%2Fwp%2Fv2%2Fcategories&post=85452"},{"taxonomy":"post_tag","embeddable":true,"href":"https:\/\/zonaroja.com.mx\/index.php?rest_route=%2Fwp%2Fv2%2Ftags&post=85452"}],"curies":[{"name":"wp","href":"https:\/\/api.w.org\/{rel}","templated":true}]}}