{"id":85457,"date":"2025-10-06T19:01:26","date_gmt":"2025-10-07T01:01:26","guid":{"rendered":"https:\/\/zonaroja.com.mx\/?p=85457"},"modified":"2025-10-06T19:01:31","modified_gmt":"2025-10-07T01:01:31","slug":"protesta-ciudadana-consigue-suspension-de-obras-aledanas-a-estadio-de-beisbol","status":"publish","type":"post","link":"https:\/\/zonaroja.com.mx\/?p=85457","title":{"rendered":"Protesta ciudadana consigue suspensi\u00f3n de obras aleda\u00f1as a estadio de b\u00e9isbol\u00a0"},"content":{"rendered":"\n<p>Lisbeth Mej\u00eda Reyes\/Zona Roja.<\/p>\n\n\n\n<p>Oaxaca, Oax.., a 6 de octubre de 2025.- Luego de varias protestas, la \u00faltima de ellas realizada este lunes, vecinos, docentes y padres de familia consiguieron la suspensi\u00f3n temporal de los trabajos para el parque lineal, uno de los dos proyectos del complejo Ciudad de los Deportes, que se construye en la capital oaxaque\u00f1a.<\/p>\n\n\n\n<p>La suspensi\u00f3n se mantendr\u00e1 hasta que se logren acuerdos definitivos entre afectados y las autoridades estatales. Los primeros han exigido que las obras que se tengan que hacer en el estadio sean solamente ah\u00ed, pero que no se privaticen las calles ni se cierren al paso vehicular.<\/p>\n\n\n\n<p>La ma\u00f1ana de este d\u00eda, decenas de afectados bloquearon el bulevar Eduardo Vasconcelos para exigir que se frenen los trabajos de peatonalizaci\u00f3n que comprende el parque lineal, ya que prev\u00e9n m\u00e1s afectaciones al tr\u00e1nsito vehicular de la zona.&nbsp;<\/p>\n\n\n\n<p>El parque lineal es parte del proyecto Ciudad de los Deportes, en el que el empresario Alfredo Harp Hel\u00fa y la fundaci\u00f3n que lleva su nombre est\u00e1n a cargo de la edificaci\u00f3n del nuevo estadio \u201cYu\u2019va\u00bb, del equipo de beisbol Guerreros.<\/p>\n\n\n\n<p>Para esto \u00faltimo, ser\u00e1 demolido el parque-estadio de b\u00e9isbol \u201cEduardo Vasconcelos\u201d, propiedad de la Universidad Aut\u00f3noma \u201cBenito Ju\u00e1rez\u201d de Oaxaca, que ha estado y seguir\u00e1 en comodato a favor del equipo propiedad de Harp Hel\u00fa.<\/p>\n\n\n\n<p>Las protestas de vecinos, docentes y padres de familia de escuelas como las secundarias t\u00e9cnicas 1 y 6, el Centro de Atenci\u00f3n M\u00faltiple 52, entre otras, han escalado en lo \u00faltimos meses a ra\u00edz del cierre de la calle de Los Derechos Humanos.&nbsp;<\/p>\n\n\n\n<p>Sin embargo, hasta ahora no se hab\u00eda logrado la suspensi\u00f3n de los trabajos del parque lineal, los cuales est\u00e1n a cargo del gobierno estatal.<\/p>\n\n\n\n<p>El complejo Ciudad de los Deportes fue presentado el pasado mes de noviembre en conferencia de prensa, en donde el gobernador Salom\u00f3n Jara Cruz se\u00f1al\u00f3 que la administraci\u00f3n estatal iba a complementar la construcci\u00f3n del nuevo estadio del equipo Guerreros con una \u00abintervenci\u00f3n urbana\u00bb para vincular peatonalmente a la ciudad de Oaxaca con la Ciudad de los Deportes.&nbsp;<\/p>\n\n\n\n<p>Para esto se construir\u00e1 un parque lineal, con \u00e1reas de skate y para actividades culturales.<\/p>\n\n\n\n<p>Seg\u00fan los planos difundidos por el gobierno estatal el a\u00f1o pasado, las calles que abarca est\u00e1 intervenci\u00f3n y que ser\u00e1n peatonales son, entre otras, la de Los Derechos Humanos, Alianza, privada de Alianza, Curtidur\u00edas, Antequera y privada de Eduardo Vasconcelos, ubicadas en la colonia Am\u00e9rica Sur y el barrio Jalatlaco.<\/p>\n\n\n\n<figure class=\"wp-block-embed is-type-rich is-provider-twitter wp-block-embed-twitter\"><div class=\"wp-block-embed__wrapper\">\n<div class=\"twitter-tweet\"><blockquote class=\"twitter-tweet\" data-lang=\"es\"><p lang=\"es\" dir=\"ltr\"><a href=\"https:\/\/twitter.com\/hashtag\/AlMomento?src=hash&amp;ref_src=twsrc%5Etfw\">#AlMomento<\/a> <br>A falta de di\u00e1logo gubernamental, padres de familia con hijos en diversos planteles de la zona, ya inician bloqueo del bulevar Eduardo Vasconcelos y otras vialidades aleda\u00f1as, en exigencia de la suspensi\u00f3n de las obras de construcci\u00f3n del nuevo estadio de b\u00e9isbol en\u2026 <a href=\"https:\/\/t.co\/RsSCbZ2drT\">pic.twitter.com\/RsSCbZ2drT<\/a><\/p>&mdash; Zona Roja Oaxaca (@ZonaRoja_Oaxaca) <a href=\"https:\/\/twitter.com\/ZonaRoja_Oaxaca\/status\/1975214904610054156?ref_src=twsrc%5Etfw\">6 de octubre de 2025<\/a><\/blockquote><\/div>\n<\/div><\/figure>\n","protected":false},"excerpt":{"rendered":"<p>Lisbeth Mej\u00eda Reyes\/Zona Roja. Oaxaca, Oax.., a 6 de octubre de 2025.- Luego de varias&hellip;<\/p>\n","protected":false},"author":2,"featured_media":85442,"comment_status":"closed","ping_status":"open","sticky":false,"template":"","format":"standard","meta":{"_lmt_disableupdate":"","_lmt_disable":"","_jetpack_memberships_contains_paid_content":false,"footnotes":""},"categories":[109,47],"tags":[2061],"class_list":["post-85457","post","type-post","status-publish","format-standard","has-post-thumbnail","hentry","category-minuto-a-minuto","category-zona-gris","tag-bloqueos-ciudad-de-oaxaca"],"jetpack_featured_media_url":"https:\/\/zonaroja.com.mx\/wp-content\/uploads\/2025\/10\/Bloqueos-padres-de-familia-estadio-de-beis.jpg","jetpack_sharing_enabled":true,"_links":{"self":[{"href":"https:\/\/zonaroja.com.mx\/index.php?rest_route=\/wp\/v2\/posts\/85457","targetHints":{"allow":["GET"]}}],"collection":[{"href":"https:\/\/zonaroja.com.mx\/index.php?rest_route=\/wp\/v2\/posts"}],"about":[{"href":"https:\/\/zonaroja.com.mx\/index.php?rest_route=\/wp\/v2\/types\/post"}],"author":[{"embeddable":true,"href":"https:\/\/zonaroja.com.mx\/index.php?rest_route=\/wp\/v2\/users\/2"}],"replies":[{"embeddable":true,"href":"https:\/\/zonaroja.com.mx\/index.php?rest_route=%2Fwp%2Fv2%2Fcomments&post=85457"}],"version-history":[{"count":1,"href":"https:\/\/zonaroja.com.mx\/index.php?rest_route=\/wp\/v2\/posts\/85457\/revisions"}],"predecessor-version":[{"id":85458,"href":"https:\/\/zonaroja.com.mx\/index.php?rest_route=\/wp\/v2\/posts\/85457\/revisions\/85458"}],"wp:featuredmedia":[{"embeddable":true,"href":"https:\/\/zonaroja.com.mx\/index.php?rest_route=\/wp\/v2\/media\/85442"}],"wp:attachment":[{"href":"https:\/\/zonaroja.com.mx\/index.php?rest_route=%2Fwp%2Fv2%2Fmedia&parent=85457"}],"wp:term":[{"taxonomy":"category","embeddable":true,"href":"https:\/\/zonaroja.com.mx\/index.php?rest_route=%2Fwp%2Fv2%2Fcategories&post=85457"},{"taxonomy":"post_tag","embeddable":true,"href":"https:\/\/zonaroja.com.mx\/index.php?rest_route=%2Fwp%2Fv2%2Ftags&post=85457"}],"curies":[{"name":"wp","href":"https:\/\/api.w.org\/{rel}","templated":true}]}}