{"id":8546,"date":"2020-02-08T07:28:31","date_gmt":"2020-02-08T13:28:31","guid":{"rendered":"http:\/\/www.zonaroja.com.mx\/?p=8546"},"modified":"2020-02-08T07:28:34","modified_gmt":"2020-02-08T13:28:34","slug":"la-directora-del-rebsamen-admite-culpa-por-la-muerte-de-26-personas","status":"publish","type":"post","link":"https:\/\/zonaroja.com.mx\/?p=8546","title":{"rendered":"La directora del \u201cR\u00e9bsamen\u201d admite culpa por la muerte de 26 personas"},"content":{"rendered":"\n<p>Redacci\u00f3n\/Zona\nRoja Cdmx.<\/p>\n\n\n\n<p>Ciudad\nde M\u00e9xico, 8 de febrero de 2020.- La directora del Colegio \u201cEnrique R\u00e9bsamen\u201d\nde la ciudad de M\u00e9xico, M\u00f3nica Garc\u00eda Villegas, admiti\u00f3 por primera vez su\nresponsabilidad en la muerte de 26 personas, entre ellas 19 ni\u00f1os, tras el\nderrumbe del plantel durante el sismo del 19 de septiembre de 2017. <\/p>\n\n\n\n<p>Su\ndefensa solicit\u00f3 el juicio abreviado para acceder a los beneficios de reducci\u00f3n\nde pena que le permitan salir de la c\u00e1rcel en el menor tiempo posible y que se\nestablezca el monto de reparaci\u00f3n de da\u00f1o. <\/p>\n\n\n\n<p>La\nFiscal\u00eda General de Justicia de Ciudad de M\u00e9xico solicit\u00f3 una pena de 22 a\u00f1os y\nseis meses de prisi\u00f3n para Garc\u00eda Villegas, sanci\u00f3n que han apoyado algunos\nfamiliares de las v\u00edctimas que se oponen a que sea liberada. <\/p>\n\n\n\n<p>Este\nviernes se llev\u00f3 a cabo la audiencia intermedia en los juzgados de oralidad del\nTribunal Superior de Justicia del Penal Femenil de Santa Martha Acatitla, en la\nque no se admitieron medios de comunicaci\u00f3n. <\/p>\n\n\n\n<p>Al\nconcluir la diligencia, Francisco Riquelme, abogado de las v\u00edctimas, dijo que\nM\u00f3nica acept\u00f3 su culpabilidad. <\/p>\n\n\n\n<p>La\nsiguiente audiencia se realizar\u00e1 en dos semanas para confirmar el juicio\nabreviado, as\u00ed como determinar si las partes aceptan los acuerdos de pena y\nreparaci\u00f3n del da\u00f1o. <\/p>\n\n\n\n<p>En\ncaso de que se realice el juicio abreviado, la defensa de la directora del \u201cR\u00e9bsamen\u201d\npuede solicitar la pena m\u00ednima por el delito de homicidio.<\/p>\n\n\n\n<p>(Con\ninformaci\u00f3n de \u201cMilenio Diario\u201d)<\/p>\n","protected":false},"excerpt":{"rendered":"<p>Redacci\u00f3n\/Zona Roja Cdmx. Ciudad de M\u00e9xico, 8 de febrero de 2020.- La directora del Colegio&hellip;<\/p>\n","protected":false},"author":2,"featured_media":8547,"comment_status":"closed","ping_status":"open","sticky":false,"template":"","format":"standard","meta":{"_lmt_disableupdate":"","_lmt_disable":"","_jetpack_memberships_contains_paid_content":false,"footnotes":""},"categories":[109,51],"tags":[1352],"class_list":["post-8546","post","type-post","status-publish","format-standard","has-post-thumbnail","hentry","category-minuto-a-minuto","category-zona-roja","tag-colegio-enrique-rebsamen"],"jetpack_featured_media_url":"https:\/\/zonaroja.com.mx\/wp-content\/uploads\/2020\/02\/Colegio-Rebsamen.jpg","jetpack_sharing_enabled":true,"_links":{"self":[{"href":"https:\/\/zonaroja.com.mx\/index.php?rest_route=\/wp\/v2\/posts\/8546","targetHints":{"allow":["GET"]}}],"collection":[{"href":"https:\/\/zonaroja.com.mx\/index.php?rest_route=\/wp\/v2\/posts"}],"about":[{"href":"https:\/\/zonaroja.com.mx\/index.php?rest_route=\/wp\/v2\/types\/post"}],"author":[{"embeddable":true,"href":"https:\/\/zonaroja.com.mx\/index.php?rest_route=\/wp\/v2\/users\/2"}],"replies":[{"embeddable":true,"href":"https:\/\/zonaroja.com.mx\/index.php?rest_route=%2Fwp%2Fv2%2Fcomments&post=8546"}],"version-history":[{"count":1,"href":"https:\/\/zonaroja.com.mx\/index.php?rest_route=\/wp\/v2\/posts\/8546\/revisions"}],"predecessor-version":[{"id":8548,"href":"https:\/\/zonaroja.com.mx\/index.php?rest_route=\/wp\/v2\/posts\/8546\/revisions\/8548"}],"wp:featuredmedia":[{"embeddable":true,"href":"https:\/\/zonaroja.com.mx\/index.php?rest_route=\/wp\/v2\/media\/8547"}],"wp:attachment":[{"href":"https:\/\/zonaroja.com.mx\/index.php?rest_route=%2Fwp%2Fv2%2Fmedia&parent=8546"}],"wp:term":[{"taxonomy":"category","embeddable":true,"href":"https:\/\/zonaroja.com.mx\/index.php?rest_route=%2Fwp%2Fv2%2Fcategories&post=8546"},{"taxonomy":"post_tag","embeddable":true,"href":"https:\/\/zonaroja.com.mx\/index.php?rest_route=%2Fwp%2Fv2%2Ftags&post=8546"}],"curies":[{"name":"wp","href":"https:\/\/api.w.org\/{rel}","templated":true}]}}