{"id":85464,"date":"2025-10-06T21:49:22","date_gmt":"2025-10-07T03:49:22","guid":{"rendered":"https:\/\/zonaroja.com.mx\/?p=85464"},"modified":"2025-10-06T21:49:24","modified_gmt":"2025-10-07T03:49:24","slug":"preparan-seccion-22-y-cnte-paro-nacional-para-el-17-de-octubre","status":"publish","type":"post","link":"https:\/\/zonaroja.com.mx\/?p=85464","title":{"rendered":"Preparan Secci\u00f3n 22 y CNTE paro nacional, para el 17 de octubre"},"content":{"rendered":"\n<p>Lisbeth Mej\u00eda Reyes\/Zona Roja.<\/p>\n\n\n\n<p>Oaxaca, Oax., a 6 de octubre de 2025.- Luego de anunciar que esta semana retomar\u00eda sus protestas para exigir al gobierno estatal y el cumplimiento de acuerdos y la reinstalaci\u00f3n de las mesas tripartitas, la Secci\u00f3n 22 del magisterio oaxaque\u00f1o alista su participaci\u00f3n para el paro nacional de 24 horas del pr\u00f3ximo 17 de octubre en la Ciudad de M\u00e9xico.&nbsp;<\/p>\n\n\n\n<p>Lo anterior como parte de la Coordinadora Nacional de Trabajadores de la Educaci\u00f3n (CNTE), que en su \u00faltima asamblea nacional representativa del 3 de octubre acord\u00f3 varias actividades para continuar su jornada de lucha por la derogaci\u00f3n de la Ley del ISSSTE y de la reforma educativa.<\/p>\n\n\n\n<p>Este nuevo paro de labores del 17 de octubre tambi\u00e9n tendr\u00e1 r\u00e9plicas en los estados donde tiene presencia la CNTE, por ejemplo, en Oaxaca. Adem\u00e1s de Guerrero, Chiapas, Guanajuato, Colima, Tabasco, Veracruz, Michoac\u00e1n y Nuevo Le\u00f3n, seg\u00fan el acuerdo de su asamblea.<\/p>\n\n\n\n<p>Otro de los acuerdos es el de realizar la pr\u00f3xima asamblea nacional representativa el 25 de octubre en la ciudad de Oaxaca de Ju\u00e1rez, Oaxaca.<\/p>\n\n\n\n<p>Como el paro de 24 horas, la CNTE planea uno m\u00e1s en noviembre, con fecha por definir, pero que ser\u00e1 de 48 horas y \u00abpara demandar mayor presupuesto a educaci\u00f3n, salud y seguridad social en el marco de la discusi\u00f3n del proyecto de egresos del a\u00f1o 2026\u00bb.<\/p>\n\n\n\n<p>INTENSIFICAN PROTESTAS<\/p>\n\n\n\n<p>Este lunes, en su octavo d\u00eda de protestas, supervisores y jefes de sector de la Secci\u00f3n 22 volvieron a bloquear el Centro Hist\u00f3rico de la ciudad de Oaxaca, adem\u00e1s de mantener su plant\u00f3n en el Palacio de Gobierno.<\/p>\n\n\n\n<p>Fueron al menos cuatro cruces viales, en la calle de Reforma y la avenida Independencia, que mantuvieron cerradas, hasta poco despu\u00e9s de las 15:00 horas.<\/p>\n\n\n\n<p>La jornada de manifestaciones fue en la v\u00edspera de la mesa de trabajo que tendr\u00e1n este martes en la Ciudad de M\u00e9xico con la Secretar\u00eda de Educaci\u00f3n P\u00fablica, para reiterar su exigencia porque se cumpla el reconocimiento de claves de m\u00e1s de un centenar de supervisores y jefes de sector. Tambi\u00e9n para que les paguen los salarios pendientes desde hace un a\u00f1o.<\/p>\n\n\n\n<p>Al igual que esta protesta, se registr\u00f3 otra por parte del Frente de Lucha de Jubilados 2015-2025, que \u201ctom\u00f3\u201d las instalaciones del edificio de la Secci\u00f3n 22 en la calle de Armenta y L\u00f3pez, en el centro de la ciudad de Oaxaca, para denunciar que a ra\u00edz de la reforma educativa se quedaron sin posibilidad de que sus hijos hereden sus plazas. Adem\u00e1s, denunciaron que es la misma Secci\u00f3n 22 la que ha puesto m\u00e1s trabas para que accedan a las plazas.<\/p>\n\n\n\n<p>Los representantes de los ex docentes acusaron que el comit\u00e9 ejecutivo en complicidad con el IEEPO venden las claves para acceder a una plaza laboral.<\/p>\n\n\n\n<p>Otra movilizaci\u00f3n de car\u00e1cter educativo ocurri\u00f3 en la sede de la SEP en Oaxaca, ubicada en la calle Emilio Carranza esquina con Escuela Naval Militar de la colonia Reforma, as\u00ed como en la caseta de peaje de Ciudad Ixtepec, sobre la supercarretera La Ventosa-Salina Cruz.<\/p>\n\n\n\n<p>Fue por parte de integrantes del Sindicato Independiente de Trabajadores de la Educaci\u00f3n de M\u00e9xico (SITEM), que demandaron la intervenci\u00f3n de la instituci\u00f3n federal ante lo que consideraron anomal\u00edas que se comenten en el Instituto Estatal de Educaci\u00f3n P\u00fablica de Oaxaca, por parte del titular Emilio Montero P\u00e9rez, al dejar a miles de alumnos sin libros y materiales educativos.<\/p>\n\n\n\n<p>La protesta se llev\u00f3 a cabo sin afectar el cierre de vialidades y por la tarde los manifestantes se retiraron.<\/p>\n","protected":false},"excerpt":{"rendered":"<p>Lisbeth Mej\u00eda Reyes\/Zona Roja. Oaxaca, Oax., a 6 de octubre de 2025.- Luego de anunciar&hellip;<\/p>\n","protected":false},"author":2,"featured_media":85468,"comment_status":"closed","ping_status":"open","sticky":false,"template":"","format":"standard","meta":{"_lmt_disableupdate":"","_lmt_disable":"","_jetpack_memberships_contains_paid_content":false,"footnotes":""},"categories":[109,47],"tags":[312],"class_list":["post-85464","post","type-post","status-publish","format-standard","has-post-thumbnail","hentry","category-minuto-a-minuto","category-zona-gris","tag-seccion-22-del-snte"],"jetpack_featured_media_url":"https:\/\/zonaroja.com.mx\/wp-content\/uploads\/2025\/10\/Protresta-sITEM-contra-el-IEEP.jpg","jetpack_sharing_enabled":true,"_links":{"self":[{"href":"https:\/\/zonaroja.com.mx\/index.php?rest_route=\/wp\/v2\/posts\/85464","targetHints":{"allow":["GET"]}}],"collection":[{"href":"https:\/\/zonaroja.com.mx\/index.php?rest_route=\/wp\/v2\/posts"}],"about":[{"href":"https:\/\/zonaroja.com.mx\/index.php?rest_route=\/wp\/v2\/types\/post"}],"author":[{"embeddable":true,"href":"https:\/\/zonaroja.com.mx\/index.php?rest_route=\/wp\/v2\/users\/2"}],"replies":[{"embeddable":true,"href":"https:\/\/zonaroja.com.mx\/index.php?rest_route=%2Fwp%2Fv2%2Fcomments&post=85464"}],"version-history":[{"count":1,"href":"https:\/\/zonaroja.com.mx\/index.php?rest_route=\/wp\/v2\/posts\/85464\/revisions"}],"predecessor-version":[{"id":85469,"href":"https:\/\/zonaroja.com.mx\/index.php?rest_route=\/wp\/v2\/posts\/85464\/revisions\/85469"}],"wp:featuredmedia":[{"embeddable":true,"href":"https:\/\/zonaroja.com.mx\/index.php?rest_route=\/wp\/v2\/media\/85468"}],"wp:attachment":[{"href":"https:\/\/zonaroja.com.mx\/index.php?rest_route=%2Fwp%2Fv2%2Fmedia&parent=85464"}],"wp:term":[{"taxonomy":"category","embeddable":true,"href":"https:\/\/zonaroja.com.mx\/index.php?rest_route=%2Fwp%2Fv2%2Fcategories&post=85464"},{"taxonomy":"post_tag","embeddable":true,"href":"https:\/\/zonaroja.com.mx\/index.php?rest_route=%2Fwp%2Fv2%2Ftags&post=85464"}],"curies":[{"name":"wp","href":"https:\/\/api.w.org\/{rel}","templated":true}]}}