{"id":85475,"date":"2025-10-07T09:00:00","date_gmt":"2025-10-07T15:00:00","guid":{"rendered":"https:\/\/zonaroja.com.mx\/?p=85475"},"modified":"2025-10-07T06:18:14","modified_gmt":"2025-10-07T12:18:14","slug":"llega-fiscalia-en-tu-comunidad-a-san-jacinto-amilpas","status":"publish","type":"post","link":"https:\/\/zonaroja.com.mx\/?p=85475","title":{"rendered":"Llega \u201cFiscal\u00eda en tu Comunidad\u201d a San Jacinto Amilpas"},"content":{"rendered":"\n<p>Redacci\u00f3n\/Zona Roja.<\/p>\n\n\n\n<p>Oaxaca, Oax., a 7 de octubre de 2025.- La jornada de \u201cFiscal\u00eda en tu Comunidad llega a tu Colonia\u201d lleg\u00f3 al municipio de San Jacinto Amilpas, conurbado a la capital de Oaxaca.<\/p>\n\n\n\n<p>Durante el encuentro, el titular de la Fiscal\u00eda General del Estado, Bernardo Rodr\u00edguez Alamilla, destac\u00f3 que esta iniciativa busca aplicar pol\u00edticas p\u00fablicas m\u00e1s efectivas, centradas en acercar los servicios de la instituci\u00f3n a la comunidad para fortalecer las capacidades de las autoridades municipales en materia de atenci\u00f3n, as\u00ed como de prevenci\u00f3n del delito.<\/p>\n\n\n\n<p>Acompa\u00f1ado de funcionarios de diversas dependencias estatales y municipales, subray\u00f3 que \u201cFiscal\u00eda en tu Comunidad\u201d forma parte de una pol\u00edtica p\u00fablica integral que busca acercar la justicia a la ciudadan\u00eda, promover la confianza en las instituciones y fortalecer el tejido social mediante la colaboraci\u00f3n entre autoridades y sociedad civil.<\/p>\n\n\n\n<p>Asimismo, Rodr\u00edguez Alamilla reiter\u00f3 que la cooperaci\u00f3n interinstitucional ha permitido crear mecanismos eficaces de prevenci\u00f3n, atenci\u00f3n y procuraci\u00f3n de justicia, lo que contribuye a la construcci\u00f3n de comunidades m\u00e1s seguras y a la consolidaci\u00f3n de una cultura de paz en Oaxaca.<\/p>\n\n\n\n<p>Durante el programa de proximidad social, destac\u00f3 que la cooperaci\u00f3n interinstitucional ha permitido crear sinergias efectivas en materia de prevenci\u00f3n, atenci\u00f3n y procuraci\u00f3n de justicia, lo cual coadyuva en la construcci\u00f3n de una relaci\u00f3n m\u00e1s cercana con la ciudadan\u00eda, pues se atiende de forma directa sus necesidades.<\/p>\n\n\n\n<p>En la jornada participaron el presidente municipal de San Jacinto Amilpas, Fidel Alejandro D\u00edaz D\u00edaz; la subsecretaria de Tequio e Inclusi\u00f3n para el Bienestar, Fernanda Schmidt Ruiz; el titular de la Polic\u00eda Auxiliar, Bancaria, Industrial y Comercial (PABIC), Alejandro Tejada; y el coordinador de la Agencia Estatal de Investigaciones Jaciel V\u00e1squez Castro, adem\u00e1s de la Directora General de Prevenci\u00f3n del Delito y Participaci\u00f3n Ciudadana de Oaxaca, Lii Yio P\u00e9rez Z\u00e1rate.<\/p>\n","protected":false},"excerpt":{"rendered":"<p>Redacci\u00f3n\/Zona Roja. Oaxaca, Oax., a 7 de octubre de 2025.- La jornada de \u201cFiscal\u00eda en&hellip;<\/p>\n","protected":false},"author":2,"featured_media":85479,"comment_status":"closed","ping_status":"open","sticky":false,"template":"","format":"standard","meta":{"_lmt_disableupdate":"","_lmt_disable":"","_jetpack_memberships_contains_paid_content":false,"footnotes":""},"categories":[109,46],"tags":[494],"class_list":["post-85475","post","type-post","status-publish","format-standard","has-post-thumbnail","hentry","category-minuto-a-minuto","category-zona-blanca","tag-fiscalia-general-del-estado-de-oaxaca"],"jetpack_featured_media_url":"https:\/\/zonaroja.com.mx\/wp-content\/uploads\/2025\/10\/Fiscalia-en-tu-comunidad-San-Jacinto-Amilpas.jpeg","jetpack_sharing_enabled":true,"_links":{"self":[{"href":"https:\/\/zonaroja.com.mx\/index.php?rest_route=\/wp\/v2\/posts\/85475","targetHints":{"allow":["GET"]}}],"collection":[{"href":"https:\/\/zonaroja.com.mx\/index.php?rest_route=\/wp\/v2\/posts"}],"about":[{"href":"https:\/\/zonaroja.com.mx\/index.php?rest_route=\/wp\/v2\/types\/post"}],"author":[{"embeddable":true,"href":"https:\/\/zonaroja.com.mx\/index.php?rest_route=\/wp\/v2\/users\/2"}],"replies":[{"embeddable":true,"href":"https:\/\/zonaroja.com.mx\/index.php?rest_route=%2Fwp%2Fv2%2Fcomments&post=85475"}],"version-history":[{"count":1,"href":"https:\/\/zonaroja.com.mx\/index.php?rest_route=\/wp\/v2\/posts\/85475\/revisions"}],"predecessor-version":[{"id":85480,"href":"https:\/\/zonaroja.com.mx\/index.php?rest_route=\/wp\/v2\/posts\/85475\/revisions\/85480"}],"wp:featuredmedia":[{"embeddable":true,"href":"https:\/\/zonaroja.com.mx\/index.php?rest_route=\/wp\/v2\/media\/85479"}],"wp:attachment":[{"href":"https:\/\/zonaroja.com.mx\/index.php?rest_route=%2Fwp%2Fv2%2Fmedia&parent=85475"}],"wp:term":[{"taxonomy":"category","embeddable":true,"href":"https:\/\/zonaroja.com.mx\/index.php?rest_route=%2Fwp%2Fv2%2Fcategories&post=85475"},{"taxonomy":"post_tag","embeddable":true,"href":"https:\/\/zonaroja.com.mx\/index.php?rest_route=%2Fwp%2Fv2%2Ftags&post=85475"}],"curies":[{"name":"wp","href":"https:\/\/api.w.org\/{rel}","templated":true}]}}