{"id":85481,"date":"2025-10-07T10:00:00","date_gmt":"2025-10-07T16:00:00","guid":{"rendered":"https:\/\/zonaroja.com.mx\/?p=85481"},"modified":"2025-10-07T06:23:27","modified_gmt":"2025-10-07T12:23:27","slug":"edil-de-san-antonio-de-la-cal-lleva-a-la-quiebra-a-comerciantes-locales","status":"publish","type":"post","link":"https:\/\/zonaroja.com.mx\/?p=85481","title":{"rendered":"Edil de San Antonio de la Cal lleva a la quiebra a comerciantes locales"},"content":{"rendered":"\n<p>Raymundo Morales\/Zona Roja.<\/p>\n\n\n\n<p>Oaxaca, Oax., a 7 de octubre de 2025.- La poblaci\u00f3n de San Antonio de la Cal denunci\u00f3 que el presidente municipal Porfirio Santos Mat\u00edas autoriz\u00f3 la instalaci\u00f3n de dos negocios de franquicia nacional, lo que llevar\u00e1 a la quiebra a los comercios locales.<\/p>\n\n\n\n<p>Se trata de una tienda Don Neto y otra de Mini Abastos, que se est\u00e1n instalando en la Segunda Secci\u00f3n, lo cual aseguran dar\u00e1 la estocada a la ya de por s\u00ed menguada econom\u00eda de los peque\u00f1os comerciantes.<\/p>\n\n\n\n<p>\u201cEs el resultado de la mala administraci\u00f3n que encabeza Porfirio Santos, quien \u00fanicamente busc\u00f3 beneficiarse y ha olvidado al pueblo que le dio la confianza para llevarlo por buen camino\u201d, expusieron a trav\u00e9s de las redes sociales.&nbsp;<\/p>\n\n\n\n<p>Acusaron que se presume tambi\u00e9n corrupci\u00f3n en el ayuntamiento pues los permisos para la construcci\u00f3n de dichas tiendas nacionales fue r\u00e1pida, lo que no sucede con los negocios locales.<\/p>\n\n\n\n<p>\u201cUn claro favoritismo que ignora el clamor del pueblo y pone el \u00faltimo clavo en el ata\u00fad de la tradici\u00f3n comercial local. La riqueza de unos pocos, alimentada por la ambici\u00f3n, sepultar\u00e1 el futuro de la comunidad. \u00a1El impacto ser\u00e1 devastador! \u00a1La tragedia econ\u00f3mica se acerca a San Antonio de la Cal! Gracias a Porfirio Santos Mat\u00edas\u201d, se\u00f1alaron.<\/p>\n","protected":false},"excerpt":{"rendered":"<p>Raymundo Morales\/Zona Roja. Oaxaca, Oax., a 7 de octubre de 2025.- La poblaci\u00f3n de San&hellip;<\/p>\n","protected":false},"author":2,"featured_media":85436,"comment_status":"closed","ping_status":"open","sticky":false,"template":"","format":"standard","meta":{"_lmt_disableupdate":"","_lmt_disable":"","_jetpack_memberships_contains_paid_content":false,"footnotes":""},"categories":[109,47],"tags":[3670,875],"class_list":["post-85481","post","type-post","status-publish","format-standard","has-post-thumbnail","hentry","category-minuto-a-minuto","category-zona-gris","tag-porfirio-santos-matias","tag-san-antonio-de-la-cal"],"jetpack_featured_media_url":"https:\/\/zonaroja.com.mx\/wp-content\/uploads\/2025\/10\/Comercio-San-Antonio-de-la-Cal.jpg","jetpack_sharing_enabled":true,"_links":{"self":[{"href":"https:\/\/zonaroja.com.mx\/index.php?rest_route=\/wp\/v2\/posts\/85481","targetHints":{"allow":["GET"]}}],"collection":[{"href":"https:\/\/zonaroja.com.mx\/index.php?rest_route=\/wp\/v2\/posts"}],"about":[{"href":"https:\/\/zonaroja.com.mx\/index.php?rest_route=\/wp\/v2\/types\/post"}],"author":[{"embeddable":true,"href":"https:\/\/zonaroja.com.mx\/index.php?rest_route=\/wp\/v2\/users\/2"}],"replies":[{"embeddable":true,"href":"https:\/\/zonaroja.com.mx\/index.php?rest_route=%2Fwp%2Fv2%2Fcomments&post=85481"}],"version-history":[{"count":1,"href":"https:\/\/zonaroja.com.mx\/index.php?rest_route=\/wp\/v2\/posts\/85481\/revisions"}],"predecessor-version":[{"id":85482,"href":"https:\/\/zonaroja.com.mx\/index.php?rest_route=\/wp\/v2\/posts\/85481\/revisions\/85482"}],"wp:featuredmedia":[{"embeddable":true,"href":"https:\/\/zonaroja.com.mx\/index.php?rest_route=\/wp\/v2\/media\/85436"}],"wp:attachment":[{"href":"https:\/\/zonaroja.com.mx\/index.php?rest_route=%2Fwp%2Fv2%2Fmedia&parent=85481"}],"wp:term":[{"taxonomy":"category","embeddable":true,"href":"https:\/\/zonaroja.com.mx\/index.php?rest_route=%2Fwp%2Fv2%2Fcategories&post=85481"},{"taxonomy":"post_tag","embeddable":true,"href":"https:\/\/zonaroja.com.mx\/index.php?rest_route=%2Fwp%2Fv2%2Ftags&post=85481"}],"curies":[{"name":"wp","href":"https:\/\/api.w.org\/{rel}","templated":true}]}}